{"id":9782,"date":"2022-03-23T09:08:04","date_gmt":"2022-03-23T12:08:04","guid":{"rendered":"https:\/\/www.sbpmat.org.br\/?p=9782"},"modified":"2022-03-29T14:06:21","modified_gmt":"2022-03-29T17:06:21","slug":"homenagem-de-socio-da-sbpmat-a-hernan-valenzuela-fraunhofer","status":"publish","type":"post","link":"https:\/\/www.sbpmat.org.br\/pt\/homenagem-de-socio-da-sbpmat-a-hernan-valenzuela-fraunhofer\/","title":{"rendered":"Homenagem de s\u00f3cio da SBPMat a Hern\u00e1n Valenzuela (Fraunhofer)."},"content":{"rendered":"<p><figure id=\"attachment_9783\" aria-describedby=\"caption-attachment-9783\" style=\"width: 300px\" class=\"wp-caption alignright\"><a href=\"https:\/\/www.sbpmat.org.br\/site\/wp-content\/uploads\/2022\/03\/EQUIPE-LANDFOTON-BRAINSTORM-BEN-MANAUS.jpeg\"><img loading=\"lazy\" decoding=\"async\" class=\"size-medium wp-image-9783\" src=\"https:\/\/www.sbpmat.org.br\/site\/wp-content\/uploads\/2022\/03\/EQUIPE-LANDFOTON-BRAINSTORM-BEN-MANAUS-300x189.jpeg\" alt=\"Em 2013, Hern\u00e1n \u00e0 frente, apoiando evento do Biot\u00e9rio de Esp\u00e9cies Nanoestruturadas da UFPE na sede da SUFRAMA (Manaus). Dentre os participantes, os pesquisadores da UFPE: Prof. Petrus Santa Cruz, Profa. S\u00e1via Gavazza, Profa. Lourdinha Flor\u00eancio, Prof. Roberto Lins, Prof. Cl\u00e1udio Gabriel, Prof. Sidarta Ribeiro (UFRN), Profa. S\u00f4nia Salgueiro Machado (UFAL).\" width=\"300\" height=\"189\" srcset=\"https:\/\/www.sbpmat.org.br\/site\/wp-content\/uploads\/2022\/03\/EQUIPE-LANDFOTON-BRAINSTORM-BEN-MANAUS-300x189.jpeg 300w, https:\/\/www.sbpmat.org.br\/site\/wp-content\/uploads\/2022\/03\/EQUIPE-LANDFOTON-BRAINSTORM-BEN-MANAUS-768x484.jpeg 768w, https:\/\/www.sbpmat.org.br\/site\/wp-content\/uploads\/2022\/03\/EQUIPE-LANDFOTON-BRAINSTORM-BEN-MANAUS-1024x646.jpeg 1024w, https:\/\/www.sbpmat.org.br\/site\/wp-content\/uploads\/2022\/03\/EQUIPE-LANDFOTON-BRAINSTORM-BEN-MANAUS.jpeg 1181w\" sizes=\"(max-width: 300px) 100vw, 300px\" \/><\/a><figcaption id=\"caption-attachment-9783\" class=\"wp-caption-text\">Em 2013, Hern\u00e1n \u00e0 frente, apoiando evento do Biot\u00e9rio de Esp\u00e9cies Nanoestruturadas da UFPE na sede da SUFRAMA (Manaus). Dentre os participantes, os pesquisadores da UFPE: Prof. Petrus Santa Cruz, Profa. S\u00e1via Gavazza, Profa. Lourdinha Flor\u00eancio, Prof. Roberto Lins, Prof. Cl\u00e1udio Gabriel, Prof. Sidarta Ribeiro (UFRN), Profa. S\u00f4nia Salgueiro Machado (UFAL).<\/figcaption><\/figure><\/p>\n<p style=\"font-weight: 400;\"><strong>[Texto do\u00a0professor\u00a0Petrus Santa Cruz (DQF\/UFPE), s\u00f3cio da SBPMat]<\/strong><\/p>\n<p style=\"font-weight: 400;\">Dif\u00edcil avaliar os impactos indiretos da pandemia de Covid-19, e mais dif\u00edcil ainda \u00e9 receber, ainda a essa altura, not\u00edcias das v\u00edtimas diretas, como a de um colaborador de longa data, Hern\u00e1n Valenzuela, que nos deixou no dia 7 deste m\u00eas de mar\u00e7o.<\/p>\n<p style=\"font-weight: 400;\">Como\u00a0representante s\u00eanior do Instituto Fraunhofer ENAS (Fraunhofer-Instituts f\u00fcr Elektronische Nanosysteme\u00a0ENAS) na Am\u00e9rica Latina, h\u00e1 quase 20 anos\u00a0Hern\u00e1n passou a reunir pesquisadores envolvidos em aplica\u00e7\u00f5es de novos materiais em nanotecnologias nos\u00a0Minapim Seminar, s\u00e9rie bienal da qual Hern\u00e1n foi chairman desde sua primeira edi\u00e7\u00e3o em 2004, juntamente com a cria\u00e7\u00e3o da\u00a0MTM Minapim News Technology Magazine, iniciativas apoiadas inicialmente pela Superintend\u00eancia da Zona Franca de Manaus (SUFRAMA). Na edi\u00e7\u00e3o de\u00a0<strong><a href=\"https:\/\/www.brazil.fraunhofer.com\/pt\/news\/noticias-mais-recentes\/2019\/fraunhofer-enas-discute-sobre-novo-mundo-digital-na-minamim-2018.html\" target=\"_blank\">2018 do Minapim Seminar<\/a><\/strong>, houve destaque para a consolida\u00e7\u00e3o do acordo de coopera\u00e7\u00e3o internacional do Instituto Fraunhofer ENAS e a UFPE, tendo interagido\u00a0em eventos envolvendo novas tecnologias desde os primeiros eventos internacionais na \u00e1rea, desde em 2003 na Nanofair (Su\u00ed\u00e7a) e NanoTech (Jap\u00e3o).<\/p>\n<p style=\"font-weight: 400;\">Em 2013 deu suporte para\u00a0realiza\u00e7\u00e3o do Workshop do Biot\u00e9rio de Esp\u00e9cies Nanoestruturadas BEN da UFPE na sede da SUFRAMA (Manaus), envolvendo discuss\u00f5es sobre Biodiversidade e Bioinspira\u00e7\u00e3o, no \u00e2mbito do Projeto Capes Nanobiotec Brasil.<\/p>\n<p style=\"font-weight: 400;\">Fruto das colabora\u00e7\u00f5es catalisadas por Hern\u00e1n, em mar\u00e7o de 2020 uma equipe incluindo o Diretor Presidente do Fraunhofer ENAS \u00e0 \u00e9poca, Dr. Thomas Otto, esteve na Ponto Qu\u00e2ntico Nanodispositivos (Positiva, LandFoton\/UFPE), ocasi\u00e3o em que a Ponto Qu\u00e2ntico passou a ser o Hub do Acordo de Coopera\u00e7\u00e3o do Fraunhofer ENAS com a UFPE, tendo a equipe sido recebida pelo Reitor Alfredo Gomes, alguns dias antes do lockdown do campus Recife, quando a OMS declarou o in\u00edcio da pandemia em curso.<\/p>\n<p style=\"font-weight: 400;\">Hern\u00e1n, que era soci\u00f3logo, deixa esposa, quatro filhos, cinco netos e muitos amigos, v\u00e1rios deles de nossa comunidade cient\u00edfica.<\/p>\n<p style=\"font-weight: 400;\"><strong>Prof. Petrus Santa Cruz (DQF\/UFPE)<\/strong><\/p>\n<p><\/p>","protected":false},"excerpt":{"rendered":"<p>[Texto do\u00a0professor\u00a0Petrus Santa Cruz (DQF\/UFPE), s\u00f3cio da SBPMat] Dif\u00edcil avaliar os impactos indiretos da pandemia de Covid-19, e mais dif\u00edcil ainda \u00e9 receber, ainda a essa altura, not\u00edcias das v\u00edtimas diretas, como a de um colaborador de longa data, Hern\u00e1n Valenzuela, que nos deixou no dia 7 deste m\u00eas de mar\u00e7o. Como\u00a0representante s\u00eanior do Instituto [&hellip;]<\/p>\n","protected":false},"author":6,"featured_media":0,"comment_status":"open","ping_status":"closed","sticky":false,"template":"","format":"standard","meta":{"footnotes":""},"categories":[6],"tags":[],"_links":{"self":[{"href":"https:\/\/www.sbpmat.org.br\/pt\/wp-json\/wp\/v2\/posts\/9782"}],"collection":[{"href":"https:\/\/www.sbpmat.org.br\/pt\/wp-json\/wp\/v2\/posts"}],"about":[{"href":"https:\/\/www.sbpmat.org.br\/pt\/wp-json\/wp\/v2\/types\/post"}],"author":[{"embeddable":true,"href":"https:\/\/www.sbpmat.org.br\/pt\/wp-json\/wp\/v2\/users\/6"}],"replies":[{"embeddable":true,"href":"https:\/\/www.sbpmat.org.br\/pt\/wp-json\/wp\/v2\/comments?post=9782"}],"version-history":[{"count":6,"href":"https:\/\/www.sbpmat.org.br\/pt\/wp-json\/wp\/v2\/posts\/9782\/revisions"}],"predecessor-version":[{"id":9790,"href":"https:\/\/www.sbpmat.org.br\/pt\/wp-json\/wp\/v2\/posts\/9782\/revisions\/9790"}],"wp:attachment":[{"href":"https:\/\/www.sbpmat.org.br\/pt\/wp-json\/wp\/v2\/media?parent=9782"}],"wp:term":[{"taxonomy":"category","embeddable":true,"href":"https:\/\/www.sbpmat.org.br\/pt\/wp-json\/wp\/v2\/categories?post=9782"},{"taxonomy":"post_tag","embeddable":true,"href":"https:\/\/www.sbpmat.org.br\/pt\/wp-json\/wp\/v2\/tags?post=9782"}],"curies":[{"name":"wp","href":"https:\/\/api.w.org\/{rel}","templated":true}]}}