{"id":9623,"date":"2021-11-23T15:49:51","date_gmt":"2021-11-23T18:49:51","guid":{"rendered":"https:\/\/www.sbpmat.org.br\/?p=9623"},"modified":"2021-11-25T15:53:51","modified_gmt":"2021-11-25T18:53:51","slug":"carta-dos-coordenadores-da-area-de-fisica-e-astronomia-da-capes-sobre-o-pedido-de-demissao","status":"publish","type":"post","link":"https:\/\/www.sbpmat.org.br\/pt\/carta-dos-coordenadores-da-area-de-fisica-e-astronomia-da-capes-sobre-o-pedido-de-demissao\/","title":{"rendered":"Carta dos coordenadores da \u00c1rea de F\u00edsica e Astronomia da CAPES sobre o pedido de demiss\u00e3o."},"content":{"rendered":"<p>Caros colegas<\/p>\n<p>Hoje encaminhamos, por meio de of\u00edcio \u00e0 presidente da CAPES, nosso pedido de demiss\u00e3o da coordena\u00e7\u00e3o da \u00e1rea Astronomia\/F\u00edsica.<\/p>\n<p>Os motivos elencados no documento s\u00e3o uma atitude pouco pro-ativa da CAPES com rela\u00e7\u00e3o \u00e0 retomada da avalia\u00e7\u00e3o Quadrienal 2017-2020 e a incompreens\u00edvel pressa em se definir um formato para cursos de PG por EaD para a chamada de APCN a ser lan\u00e7ada no final de novembro. Como reiterado mais de uma vez pelos membros Col\u00e9gio de Exatas, Engenharias e Multidiscipliar da CAPES, do qual fazemos parte, consideramos que uma chamada de APCN, ainda que necess\u00e1ria, depende da conclus\u00e3o da \u00faltima Quadrienal para sua correta avalia\u00e7\u00e3o.<\/p>\n<p>Poder\u00edamos ainda ter listado a suspens\u00e3o do PNPD sem um programa substituto, a indecis\u00e3o sobre o que ser\u00e1 do ano 2021 em uma futura poss\u00edvel avalia\u00e7\u00e3o dos programas de PG, j\u00e1 que s\u00e3o muitos os que advogam por um \u201cano sab\u00e1tico\u201d sem que seja claro o que isso significa. E finalmente, a aus\u00eancia de qualquer a\u00e7\u00e3o, ao menos p\u00fablica, em dire\u00e7\u00e3o \u00e0 elabora\u00e7\u00e3o do novo PNPG que deveria cobrir a d\u00e9cada de 2021-2030.<\/p>\n<p>Lamentamos ter que tomar essa atitude extrema, mas eventos recentes tangenciam a falta de respeito com os coordenadores de \u00e1rea.<\/p>\n<p>Abra\u00e7o<\/p>\n<p>Fernando L\u00e1zaro<\/p>\n<p>Alberto Saa<\/p>\n<div>Rubem Sommer<\/div>\n<p><\/p>","protected":false},"excerpt":{"rendered":"<p>Caros colegas Hoje encaminhamos, por meio de of\u00edcio \u00e0 presidente da CAPES, nosso pedido de demiss\u00e3o da coordena\u00e7\u00e3o da \u00e1rea Astronomia\/F\u00edsica. Os motivos elencados no documento s\u00e3o uma atitude pouco pro-ativa da CAPES com rela\u00e7\u00e3o \u00e0 retomada da avalia\u00e7\u00e3o Quadrienal 2017-2020 e a incompreens\u00edvel pressa em se definir um formato para cursos de PG por [&hellip;]<\/p>\n","protected":false},"author":6,"featured_media":0,"comment_status":"open","ping_status":"closed","sticky":false,"template":"","format":"standard","meta":{"footnotes":""},"categories":[6],"tags":[],"_links":{"self":[{"href":"https:\/\/www.sbpmat.org.br\/pt\/wp-json\/wp\/v2\/posts\/9623"}],"collection":[{"href":"https:\/\/www.sbpmat.org.br\/pt\/wp-json\/wp\/v2\/posts"}],"about":[{"href":"https:\/\/www.sbpmat.org.br\/pt\/wp-json\/wp\/v2\/types\/post"}],"author":[{"embeddable":true,"href":"https:\/\/www.sbpmat.org.br\/pt\/wp-json\/wp\/v2\/users\/6"}],"replies":[{"embeddable":true,"href":"https:\/\/www.sbpmat.org.br\/pt\/wp-json\/wp\/v2\/comments?post=9623"}],"version-history":[{"count":2,"href":"https:\/\/www.sbpmat.org.br\/pt\/wp-json\/wp\/v2\/posts\/9623\/revisions"}],"predecessor-version":[{"id":9625,"href":"https:\/\/www.sbpmat.org.br\/pt\/wp-json\/wp\/v2\/posts\/9623\/revisions\/9625"}],"wp:attachment":[{"href":"https:\/\/www.sbpmat.org.br\/pt\/wp-json\/wp\/v2\/media?parent=9623"}],"wp:term":[{"taxonomy":"category","embeddable":true,"href":"https:\/\/www.sbpmat.org.br\/pt\/wp-json\/wp\/v2\/categories?post=9623"},{"taxonomy":"post_tag","embeddable":true,"href":"https:\/\/www.sbpmat.org.br\/pt\/wp-json\/wp\/v2\/tags?post=9623"}],"curies":[{"name":"wp","href":"https:\/\/api.w.org\/{rel}","templated":true}]}}