{"id":9237,"date":"2021-03-31T17:34:26","date_gmt":"2021-03-31T20:34:26","guid":{"rendered":"https:\/\/www.sbpmat.org.br\/?p=9237"},"modified":"2021-04-09T19:53:04","modified_gmt":"2021-04-09T22:53:04","slug":"cientista-em-destaque-entrevista-com-o-professor-cid-bartolomeu-de-araujo-ufpe","status":"publish","type":"post","link":"https:\/\/www.sbpmat.org.br\/pt\/cientista-em-destaque-entrevista-com-o-professor-cid-bartolomeu-de-araujo-ufpe\/","title":{"rendered":"Cientista em destaque: Entrevista com o professor Cid Bartolomeu de Ara\u00fajo (UFPE)."},"content":{"rendered":"<p><figure id=\"attachment_9238\" aria-describedby=\"caption-attachment-9238\" style=\"width: 273px\" class=\"wp-caption alignright\"><img loading=\"lazy\" decoding=\"async\" class=\"size-full wp-image-9238\" src=\"https:\/\/www.sbpmat.org.br\/site\/wp-content\/uploads\/2021\/03\/cid-de-araujo.jpg\" alt=\"Prof. Cid de Ara\u00fajo\" width=\"273\" height=\"330\" srcset=\"https:\/\/www.sbpmat.org.br\/site\/wp-content\/uploads\/2021\/03\/cid-de-araujo.jpg 273w, https:\/\/www.sbpmat.org.br\/site\/wp-content\/uploads\/2021\/03\/cid-de-araujo-248x300.jpg 248w\" sizes=\"(max-width: 273px) 100vw, 273px\" \/><figcaption id=\"caption-attachment-9238\" class=\"wp-caption-text\">Prof. Cid de Ara\u00fajo<\/figcaption><\/figure><\/p>\n<p>Cid Bartolomeu de Ara\u00fajo nasceu no Recife em 1945. Quando cursava o ensino secund\u00e1rio desenvolveu uma forte predile\u00e7\u00e3o pela F\u00edsica. Contudo, ele n\u00e3o teve a possibilidade de escolher esse curso na gradua\u00e7\u00e3o porque ainda n\u00e3o era oferecido em Pernambuco nos anos de 1960.<\/p>\n<p>Graduou-se em Engenharia El\u00e9trica pela Universidade Federal de Pernambuco (UFPE) em 1968. Na sequ\u00eancia, fez mestrado em F\u00edsica na Pontif\u00edcia Universidade Cat\u00f3lica do Rio de Janeiro (PUC-Rio). Depois de obter o diploma de mestre, tornou-se professor adjunto da UFPE, onde participou ativamente da cria\u00e7\u00e3o e desenvolvimento do Departamento de F\u00edsica. Simultaneamente iniciou seu doutorado, mais uma vez na PUC-Rio. Obteve o diploma de doutor em F\u00edsica em 1975.<\/p>\n<p>Ao longo de 1976 e 1977, ele fez p\u00f3s-doutorado na <em>Harvard University<\/em> (EUA), no grupo de pesquisa de Nicolaas Bloembergen, que, naquele momento, tinha um dos melhores laborat\u00f3rios do mundo na \u00d3ptica N\u00e3o Linear (\u00e1rea do conhecimento dedicada ao estudo de fen\u00f4menos que ocorrem quando luz de alta intensidade interage com a mat\u00e9ria). Bloembergen seria laureado com o Pr\u00eamio Nobel de F\u00edsica em 1981.<\/p>\n<p>De volta ao Brasil em 1978, o professor Cid criou o Laborat\u00f3rio de \u00d3ptica N\u00e3o Linear, que colocou a UFPE no mapa mundial dessa \u00e1rea de pesquisa. Desde ent\u00e3o, Cid de Ara\u00fajo vem contribuindo ao avan\u00e7o da fronteira cient\u00edfica e \u00e0 forma\u00e7\u00e3o de recursos humanos. Produziu cerca de 350 artigos publicados em revistas cient\u00edficas internacionais e orientou quase 100 mestres, doutores e p\u00f3s-docs. A sua produ\u00e7\u00e3o cient\u00edfica conta com mais de 9.300 cita\u00e7\u00f5es, segundo o Google Scholar. Em 2020, o professor Cid, cujo \u00edndice h \u00e9 de 48, foi elencado entre os 100 mil cientistas mais influentes do mundo em ranking publicado na revista <em>Plos Biology<\/em>.<\/p>\n<p>Hoje Professor Em\u00e9rito da UFPE, Cid de Ara\u00fajo foi Professor Titular da universidade de 1989 at\u00e9 2013. Foi Professor Visitante na <em>Universit\u00e9 d&#8217;Angers<\/em> (Fran\u00e7a) e Pesquisador Visitante na Universidade Estadual de Campinas, <em>\u00c9cole Polytechnique<\/em> (Fran\u00e7a), <em>Universit\u00e9 Paris-Nord<\/em> (Fran\u00e7a) e <em>IBM Thomas J. Watson Research Center<\/em> (EUA).<\/p>\n<p>O cientista \u00e9 Membro Titular da Academia Brasileira de Ci\u00eancias e Academia Pernambucana de Ci\u00eancias, e <em>Fellow<\/em> da <em>Optical Society of America<\/em> (OSA) e da TWAS (<em>The World Academy of Sciences<\/em>). \u00c9 Membro da Ordem Nacional do M\u00e9rito Cient\u00edfico nas classes Gr\u00e3 Cruz e Comendador.<\/p>\n<p>Em 2003, recebeu o pr\u00eamio Galileu Galilei, concedido anualmente pela <em>International Commission for Optics<\/em> (ICO) em reconhecimento a contribui\u00e7\u00f5es not\u00e1veis no campo da \u00d3ptica, alcan\u00e7adas em circunst\u00e2ncias comparativamente desfavor\u00e1veis. O professor Cid \u00e9 o \u00fanico brasileiro entre os 27 cientistas que receberam a medalha at\u00e9 o momento.<\/p>\n<p>Em 2020, a SBPMat concedeu a Cid de Ara\u00fajo a Palestra Memorial Joaquim da Costa Ribeiro -honraria outorgada anualmente desde 2011 a um cientista com destacada trajet\u00f3ria no Brasil. Dessa forma, o professor Cid proferir\u00e1 uma palestra na abertura do <a href=\"https:\/\/www.sbpmat.org.br\/19encontro\/\">XIX B-MRS Meeting + IUMRS ICEM<\/a>, que ser\u00e1 realizado em formato virtual de 30 de agosto a 3 de setembro deste ano. Na ocasi\u00e3o, ele falar\u00e1 sobre nanocomp\u00f3sitos plasm\u00f4nicos (fundamentos, s\u00edntese, propriedades \u00f3pticas lineares e n\u00e3o lineares e aplica\u00e7\u00f5es), tema de pesquisa que tem ocupado o cientista e seu grupo nos \u00faltimos tempos.<\/p>\n<p>Leia nossa entrevista com Cid de Ara\u00fajo.<\/p>\n<p><strong>Boletim da SBPMat:- Conte-nos o que o levou a se tornar um cientista e, em particular, a atuar na \u00e1rea de propriedades \u00f3pticas de materiais.\u00a0<\/strong><\/p>\n<p>Cid de Ara\u00fajo: &#8211; N\u00e3o tenho uma resposta objetiva para esta pergunta&#8230; Com certeza n\u00e3o foi influ\u00eancia familiar. Minha m\u00e3e era \u201cdona de casa\u201d e meu pai era comerciante. Ele queria que me tornasse comerciante assim como ele. Quase me convenceu, mas a influ\u00eancia da escola foi maior. Eu gostava de F\u00edsica e Matem\u00e1tica quando estava no curso secund\u00e1rio. Tamb\u00e9m gostava da disciplina de Hist\u00f3ria e costumava ler biografias de grandes cientistas (f\u00edsicos, astr\u00f4nomos, matem\u00e1ticos&#8230;). Quando fiz o vestibular escolhi o curso de Engenharia El\u00e9trica (EE) porque dentre as op\u00e7\u00f5es poss\u00edveis no Recife, em 1964, a EE era a que parecia ter uma componente cient\u00edfica maior do que as outras engenharias. Durante os dois primeiros anos do curso senti que gostava mesmo da F\u00edsica. A partir do quinto semestre conclui que deveria estar num curso de F\u00edsica; as disciplinas do curso profissional de EE n\u00e3o me agradavam. Mas, no Recife n\u00e3o existia curso de F\u00edsica. Felizmente outros colegas tamb\u00e9m se sentiam atra\u00eddos pela F\u00edsica e juntamente com alguns professores de F\u00edsica da Escola de Engenharia, passamos a estudar informalmente as disciplinas que formam o n\u00facleo do Bacharelado em F\u00edsica. Simultaneamente continuei o curso de EE que conclui em dezembro de 1968.<\/p>\n<p>A prefer\u00eancia pela F\u00edsica do Estado S\u00f3lido (atualmente chamada F\u00edsica da Mat\u00e9ria Condensada) cresceu durante a gradua\u00e7\u00e3o em EE devido \u00e0 leitura de artigos de divulga\u00e7\u00e3o cient\u00edfica sobre propriedades el\u00e9tricas e magn\u00e9ticas de materiais.<\/p>\n<p>Ao concluir a gradua\u00e7\u00e3o, gra\u00e7as a contatos pr\u00e9vios com dois professores da PUC-Rio (Alceu Pinho e Erasmo Ferreira), viajei para o Rio de Janeiro, em janeiro de 1969, para cursar a PG em F\u00edsica. No mestrado fiz experi\u00eancias que combinavam micro-ondas e luz para estudar propriedades de cristais ferromagn\u00e9ticos. Um artigo resultante foi publicado na <em>Solid State Communications<\/em> (em 1972) e os coautores foram Sergio Costa Ribeiro e Sergio Machado Rezende. Como o artigo foi redigido quando eu j\u00e1 estava contratado no Recife, constou do artigo o meu endere\u00e7o na UFPE e este foi o primeiro artigo em F\u00edsica do Estado S\u00f3lido com endere\u00e7o da UFPE na literatura. Posteriormente, no projeto de doutorado, desenvolvi trabalhos onde explorei analogias entre processos n\u00e3o lineares de magnons ferromagn\u00e9ticos e teoria de lasers e amplificadores param\u00e9tricos \u00f3pticos. No p\u00f3s-doutorado comecei a trabalhar em \u00d3ptica N\u00e3o linear e fiz aplica\u00e7\u00f5es \u00e0 F\u00edsica de Materiais (alguns l\u00edquidos e semicondutores). A escolha pelo p\u00f3s-doutorado na Harvard University, com Nicolaas Bloembergen, foi motivada pelo fato de que ele foi um dos pioneiros da resson\u00e2ncia magn\u00e9tica n\u00e3o linear e em continua\u00e7\u00e3o se tornou um dos pioneiros da \u00d3ptica N\u00e3o Linear.<\/p>\n<p><strong>Boletim da SBPMat: &#8211; Do ponto de vista das descobertas cient\u00edficas, plasmadas na publica\u00e7\u00e3o de artigos ou pedidos de patentes, quais s\u00e3o, na sua avalia\u00e7\u00e3o, as suas principais contribui\u00e7\u00f5es e por que as considera mais relevantes? Ou ent\u00e3o, quais s\u00e3o as suas favoritas e por que voc\u00ea gosta muito delas? <\/strong><\/p>\n<p>Cid de Ara\u00fajo: &#8211; Eu sou f\u00edsico experimental, mas minha tese de doutorado resultou na publica\u00e7\u00e3o de cinco artigos te\u00f3ricos. Os problemas de infraestrutura no Recife contribu\u00edram para que realizasse trabalhos te\u00f3ricos. Est\u00e1vamos construindo laborat\u00f3rios a partir de salas vazias. Fiquei muito feliz com estes artigos pois foram publicados em boas revistas cient\u00edficas e assim consegui concluir a tese de doutorado que foi apresentada na PUC-Rio em 1975. Estas n\u00e3o s\u00e3o as publica\u00e7\u00f5es mais importantes do meu curriculum, mas representam uma contribui\u00e7\u00e3o relevante na hist\u00f3ria do Departamento de F\u00edsica-UFPE.<\/p>\n<p>Ao voltar do p\u00f3s-doutorado em janeiro de 1978, e at\u00e9 o presente, tenho trabalhado sempre com v\u00e1rios colaboradores (estudantes e colegas professores). Assim, em 1978, enquanto iniciava a montagem do Laborat\u00f3rio de \u00d3ptica N\u00e3o Linear, comecei a interagir fortemente num outro laborat\u00f3rio, com um dos professores do DF-UFPE que estava fazendo o doutorado (Erivaldo Montarroyos) usando a t\u00e9cnica de Espalhamento Raman para estudar materiais antiferromagn\u00e9ticos. A s\u00e9rie de trabalhos que resultou deste projeto foi importante para o desenvolvimento da \u00e1rea na UFPE. Tamb\u00e9m interagi com outros estudantes que entraram posteriormente nesta linha de pesquisa; os trabalhos experimentais foram realizados integralmente no Recife no per\u00edodo de 1978 a 1985. Naquela \u00e9poca fazer F\u00edsica Experimental no Recife ainda era uma aventura. Neste mesmo per\u00edodo, juntamente com meu colega Jos\u00e9 Rios Leite, publicamos na <em>Chemical Physics Letters<\/em>, em 1980, um artigo te\u00f3rico com a previs\u00e3o de um novo efeito de \u00d3ptica N\u00e3o Linear: a absor\u00e7\u00e3o simult\u00e2nea de dois f\u00f3tons por um par de \u00e1tomos interagentes. A realiza\u00e7\u00e3o experimental deste trabalho n\u00e3o era poss\u00edvel nos laborat\u00f3rios existentes na \u00e9poca. O efeito foi observado pela primeira vez no ano 2002 por um grupo su\u00ed\u00e7o-alem\u00e3o que, tirando proveito das t\u00e9cnicas modernas de prepara\u00e7\u00e3o de nanomateriais e t\u00e9cnicas de nano-\u00f3ptica, observou o fen\u00f4meno utilizando um s\u00f3lido org\u00e2nico (para-terfenil) dopado com mol\u00e9culas de terrileno (um corante org\u00e2nico). O artigo saiu na capa da revista <em>Science<\/em> [vol. 298; issue 5592 (2002)]. Foi estimulante saber que o efeito que hav\u00edamos previsto foi observado 22 anos ap\u00f3s a nossa proposta e que nosso artigo te\u00f3rico recebeu os cr\u00e9ditos devidos. Posteriormente, em 2012, este mesmo efeito foi observado num vapor de s\u00f3dio e publicado na <em>Physical Review Letters<\/em> [108, 253004 (2012)] pelo grupo do Vanderlei Bagnato, em S\u00e3o Carlos. Ou seja: \u00e9 um fen\u00f4meno b\u00e1sico que pode ser observado n\u00e3o apenas na mat\u00e9ria condensada como tamb\u00e9m num vapor at\u00f4mico e outros sistemas ainda n\u00e3o estudados. Existem na literatura algumas propostas para estudo do efeito em diferentes situa\u00e7\u00f5es.<\/p>\n<p>Um conjunto de trabalhos que gosto muito est\u00e1 relacionado com a observa\u00e7\u00e3o, o entendimento e aplica\u00e7\u00f5es de fen\u00f4menos \u00f3pticos em comp\u00f3sitos plasm\u00f4nicos (vidros e coloides com nanopart\u00edculas met\u00e1licas). Estes s\u00e3o trabalhos mais recentes nos quais exploramos a contribui\u00e7\u00e3o de plasmons superficiais em nanopart\u00edculas de prata (ou ouro) e sua aplica\u00e7\u00e3o em estudos relacionados com luminesc\u00eancia, com lasers aleat\u00f3rios (<em>random lasers<\/em>), com a propaga\u00e7\u00e3o de s\u00f3litons espaciais e alguns outros fen\u00f4menos de instabilidades \u00f3pticas influenciados por plasmons. Publicamos v\u00e1rios artigos nesta \u00e1rea e uma revis\u00e3o de alguns trabalhos publicados pode ser vista em <em>Advances in Optics and Photonics<\/em> 9 (2017) 720-774. Esta pesquisa tem continuidade no presente e prosseguimos colocando um grande esfor\u00e7o nesta \u00e1rea com publica\u00e7\u00f5es recentes.<\/p>\n<p><strong>Boletim da SBPMat: &#8211;<\/strong> <strong>Do ponto de vista da forma\u00e7\u00e3o de pesquisadores, cria\u00e7\u00e3o de laborat\u00f3rios e demais aspectos da carreira de pesquisador, quais s\u00e3o as suas realiza\u00e7\u00f5es que tiveram mais impacto e\/ ou que lhe deram maior satisfa\u00e7\u00e3o?\u00a0<\/strong><\/p>\n<p>Cid de Ara\u00fajo: &#8211; Do ponto de vista institucional considero que fiz um trabalho muito importante juntamente com os colegas que constitu\u00edmos o primeiro grupo de pesquisa em F\u00edsica no Recife, em 1971. Tamb\u00e9m em 1971 iniciamos a implanta\u00e7\u00e3o do curso de Bacharelado em F\u00edsica. Este grupo incluiu Ivon Fittipaldi, Mauricio Coutinho, Marco Moura e Sergio Rezende. O colega Jos\u00e9 Rios Leite que participou do projeto inicial, incorporou-se ao DF somente ap\u00f3s completar o doutorado no MIT em 1977. Faz\u00edamos pesquisa, ensino e administra\u00e7\u00e3o, visando estabelecer um novo centro de pesquisas em F\u00edsica. Felizmente fomos bem-sucedidos e progressivamente fomos incorporando novos professores que ajudaram a consolidar o projeto. Entre 1973 e 2013 eu assumi v\u00e1rias posi\u00e7\u00f5es administrativas: Chefia do DF-UFPE, Coordena\u00e7\u00e3o da Gradua\u00e7\u00e3o em F\u00edsica, Coordena\u00e7\u00e3o da P\u00f3s-Gradua\u00e7\u00e3o em F\u00edsica, Coordena\u00e7\u00e3o da P\u00f3s-Gradua\u00e7\u00e3o em Ci\u00eancia de Materiais, e Dire\u00e7\u00e3o do Centro de Ci\u00eancias Exatas e da Natureza que al\u00e9m do DF reunia os Departamentos de Qu\u00edmica Fundamental, Matem\u00e1tica, Estat\u00edstica e Inform\u00e1tica.<\/p>\n<p>Do ponto de vista da pesquisa tive a oportunidade de implantar um dos primeiros laborat\u00f3rios de \u00d3ptica N\u00e3o Linear no Pa\u00eds. Este laborat\u00f3rio est\u00e1 em opera\u00e7\u00e3o desde 1978 e desde o in\u00edcio se manteve em atividade contribuindo para forma\u00e7\u00e3o de estudantes de inicia\u00e7\u00e3o cient\u00edfica e de p\u00f3s-gradua\u00e7\u00e3o. At\u00e9 o presente foram cerca de 40 estudantes de Inicia\u00e7\u00e3o Cient\u00edfica, 44 estudantes de mestrado, 27 estudantes de doutorado, e 20 p\u00f3s-doutorandos. Estes ex-estudantes trabalham atualmente em v\u00e1rios Estados brasileiros, alguns no DF-UFPE, e alguns no exterior (Canada, EUA, Col\u00f4mbia, Peru, Uruguai, China e \u00cdndia) como l\u00edderes de pesquisa.<\/p>\n<p>Nos 43 anos de exist\u00eancia do Laborat\u00f3rio conseguimos introduzir no Pa\u00eds v\u00e1rias t\u00e9cnicas de pesquisa experimental em \u00d3ptica N\u00e3o Linear e Fot\u00f4nica, novos temas cient\u00edficos e conseguimos contribuir para o avan\u00e7o significativo de algumas fronteiras desta \u00e1rea.<\/p>\n<p>Atualmente o Departamento de F\u00edsica da UFPE est\u00e1 completando 50 anos de atividades de pesquisa e ensino de PG. A atua\u00e7\u00e3o do DF foi irradiadora para v\u00e1rios Estados, especialmente das regi\u00f5es Nordeste e Norte do Pa\u00eds. Sou feliz pela oportunidade de participar desta hist\u00f3ria.<\/p>\n<p>At\u00e9 o presente venho contribuindo para a comunidade de F\u00edsica participando de comiss\u00f5es das ag\u00eancias de financiamento \u00e0 pesquisa (do Brasil e exterior), coordenando projetos de pesquisa e eventos cient\u00edficos com abrang\u00eancia nacional e internacional. Espero continuar realizando pesquisas por mais v\u00e1rios anos.<\/p>\n<p><strong>Boletim da SBPMat: &#8211;<\/strong> <strong>Agora convidamos voc\u00ea a deixar uma mensagem para os leitores que est\u00e3o iniciando suas carreiras cient\u00edficas.<\/strong><\/p>\n<p>Cid de Ara\u00fajo: &#8211; Considero que a escolha de uma profiss\u00e3o deve ser baseada na atra\u00e7\u00e3o que a atividade profissional exerce na pessoa e isto vale principalmente com rela\u00e7\u00e3o \u00e0 atividade cient\u00edfica. Entretanto, n\u00e3o basta isso. Al\u00e9m da atra\u00e7\u00e3o pela profiss\u00e3o, \u00e9 necess\u00e1ria uma forma\u00e7\u00e3o s\u00f3lida no conte\u00fado espec\u00edfico da \u00e1rea de atua\u00e7\u00e3o e nos fundamentos. A capacidade de trabalhar em equipe, capacidade de transmitir conhecimentos, cultura geral e habilidade no relacionamento com pessoas s\u00e3o requisitos muito importantes. O trabalho cient\u00edfico exige esfor\u00e7o e muita dedica\u00e7\u00e3o, mas os desafios intelectuais servem como permanente est\u00edmulo.<\/p>\n<p>&nbsp;<\/p>\n<hr \/>\n<p><strong>CV Lattes do Prof Cid de Ara\u00fajo:\u00a0<a href=\"http:\/\/lattes.cnpq.br\/7109489698613515\">http:\/\/lattes.cnpq.br\/7109489698613515<\/a>\u00a0<\/strong><\/p>\n<hr \/>\n<p>&nbsp;<\/p>","protected":false},"excerpt":{"rendered":"<p>Cid Bartolomeu de Ara\u00fajo nasceu no Recife em 1945. Quando cursava o ensino secund\u00e1rio desenvolveu uma forte predile\u00e7\u00e3o pela F\u00edsica. Contudo, ele n\u00e3o teve a possibilidade de escolher esse curso na gradua\u00e7\u00e3o porque ainda n\u00e3o era oferecido em Pernambuco nos anos de 1960. Graduou-se em Engenharia El\u00e9trica pela Universidade Federal de Pernambuco (UFPE) em 1968. [&hellip;]<\/p>\n","protected":false},"author":4,"featured_media":0,"comment_status":"open","ping_status":"closed","sticky":false,"template":"","format":"standard","meta":{"footnotes":""},"categories":[6],"tags":[],"_links":{"self":[{"href":"https:\/\/www.sbpmat.org.br\/pt\/wp-json\/wp\/v2\/posts\/9237"}],"collection":[{"href":"https:\/\/www.sbpmat.org.br\/pt\/wp-json\/wp\/v2\/posts"}],"about":[{"href":"https:\/\/www.sbpmat.org.br\/pt\/wp-json\/wp\/v2\/types\/post"}],"author":[{"embeddable":true,"href":"https:\/\/www.sbpmat.org.br\/pt\/wp-json\/wp\/v2\/users\/4"}],"replies":[{"embeddable":true,"href":"https:\/\/www.sbpmat.org.br\/pt\/wp-json\/wp\/v2\/comments?post=9237"}],"version-history":[{"count":2,"href":"https:\/\/www.sbpmat.org.br\/pt\/wp-json\/wp\/v2\/posts\/9237\/revisions"}],"predecessor-version":[{"id":9249,"href":"https:\/\/www.sbpmat.org.br\/pt\/wp-json\/wp\/v2\/posts\/9237\/revisions\/9249"}],"wp:attachment":[{"href":"https:\/\/www.sbpmat.org.br\/pt\/wp-json\/wp\/v2\/media?parent=9237"}],"wp:term":[{"taxonomy":"category","embeddable":true,"href":"https:\/\/www.sbpmat.org.br\/pt\/wp-json\/wp\/v2\/categories?post=9237"},{"taxonomy":"post_tag","embeddable":true,"href":"https:\/\/www.sbpmat.org.br\/pt\/wp-json\/wp\/v2\/tags?post=9237"}],"curies":[{"name":"wp","href":"https:\/\/api.w.org\/{rel}","templated":true}]}}