{"id":8189,"date":"2019-11-25T16:23:04","date_gmt":"2019-11-25T19:23:04","guid":{"rendered":"https:\/\/www.sbpmat.org.br\/?p=8189"},"modified":"2019-12-05T15:11:53","modified_gmt":"2019-12-05T18:11:53","slug":"sbpmat-cria-o-premio-jose-arana-varela-primeiro-agraciado-sera-o-prof-edson-roberto-leite","status":"publish","type":"post","link":"https:\/\/www.sbpmat.org.br\/pt\/sbpmat-cria-o-premio-jose-arana-varela-primeiro-agraciado-sera-o-prof-edson-roberto-leite\/","title":{"rendered":"SBPMat cria o Pr\u00eamio Jos\u00e9 Arana Varela; primeiro agraciado ser\u00e1 o Prof. Edson Roberto Leite."},"content":{"rendered":"<p>A Diretoria Executiva da SBPMat criou, em outubro deste ano, o Pr\u00eamio Jos\u00e9 Arana Varela. Por meio do nome, esta nova distin\u00e7\u00e3o da SBPMat presta homenagem ao Prof. Jos\u00e9 Arana Varela, destacado cientista brasileiro da \u00e1rea de materiais e ex-presidente da SBPMat, falecido em 2016.<\/p>\n<p>O pr\u00eamio ser\u00e1 concedido anualmente a um(a) pesquisador(a) de destaque no Brasil, que proferir\u00e1 uma das palestras plen\u00e1rias no encontro anual da SBPMat, o B-MRS Meeting. Para 2020, o agraciado ser\u00e1 Edson Roberto Leite, professor titular da UFSCar e diretor cient\u00edfico do LNNano \u2013 CNPEM.<\/p>\n<p><strong>Sobre o Prof. Jos\u00e9 Arana Varela<\/strong><\/p>\n<figure id=\"attachment_8190\" aria-describedby=\"caption-attachment-8190\" style=\"width: 300px\" class=\"wp-caption alignright\"><img loading=\"lazy\" decoding=\"async\" class=\"size-medium wp-image-8190\" src=\"https:\/\/www.sbpmat.org.br\/site\/wp-content\/uploads\/2019\/11\/foto-arana-varela-300x179.jpg\" alt=\"Prof. Jos\u00e9 Arana Varela (1944 - 2016).\" width=\"300\" height=\"179\" srcset=\"https:\/\/www.sbpmat.org.br\/site\/wp-content\/uploads\/2019\/11\/foto-arana-varela-300x179.jpg 300w, https:\/\/www.sbpmat.org.br\/site\/wp-content\/uploads\/2019\/11\/foto-arana-varela.jpg 604w\" sizes=\"(max-width: 300px) 100vw, 300px\" \/><figcaption id=\"caption-attachment-8190\" class=\"wp-caption-text\">Prof. Jos\u00e9 Arana Varela (1944 &#8211; 2016).<\/figcaption><\/figure>\n<p>Nascido em Martin\u00f3polis, interior de S\u00e3o Paulo, em 11 de abril de 1944, Jos\u00e9 Arana Varela graduou-se em F\u00edsica pela Universidade de S\u00e3o Paulo (USP) em 1968. Em 1975, obteve o t\u00edtulo de mestre em F\u00edsica pelo Instituto Tecnol\u00f3gico de Aeron\u00e1utica (ITA). Entre 1977 e 1981, realizou o doutorado em materiais cer\u00e2micos na <em>University of Washington<\/em> (Estados Unidos).<\/p>\n<p>Arana Varela foi professor titular da Universidade Estadual Paulista J\u00falio de Mesquita Filho (Unesp), institui\u00e7\u00e3o na qual iniciou sua carreira acad\u00eamica em 1969. Ele tamb\u00e9m foi professor da Universidade Federal de S\u00e3o Carlos (UFSCar), na qual atuou desde 1985, principalmente nos programas de p\u00f3s-gradua\u00e7\u00e3o em Qu\u00edmica e em Ci\u00eancia e Engenharia de Materiais.<\/p>\n<p>Como pesquisador, Arana Varela atuou na \u00e1rea dos materiais cer\u00e2micos, fazendo importantes contribui\u00e7\u00f5es em n\u00edvel internacional ao conhecimento sobre eletrocer\u00e2micas e filmes finos de cer\u00e2micas, e sua aplica\u00e7\u00e3o em varistores, mem\u00f3rias ferroel\u00e9tricas e sensores qu\u00edmicos.<\/p>\n<p>No Brasil, ele liderou o desenvolvimento dessas linhas de pesquisa, come\u00e7ando em 1988 pela funda\u00e7\u00e3o, junto a outros professores da UFSCar, do Laborat\u00f3rio Interdisciplinar de Eletroqu\u00edmica e Cer\u00e2mica (LIEC), que foi a semente do Centro Multidisciplinar para o Desenvolvimento de Materiais Cer\u00e2micos (CMDMC), o qual gerou o Centro de Desenvolvimento de Materiais Funcionais (CDMF). O professor orientou ou coorientou pelo menos 30 trabalhos de mestrado e mais de 40 de doutorado.<\/p>\n<p>O cientista foi coautor de mais de 600 artigos publicados em peri\u00f3dicos internacionais, os quais contam com mais de 20 mil cita\u00e7\u00f5es. Tamb\u00e9m foi autor de patentes e participou de v\u00e1rios projetos em intera\u00e7\u00e3o com a ind\u00fastria.<\/p>\n<p>Grande incentivador da colabora\u00e7\u00e3o internacional como motor do avan\u00e7o cient\u00edfico e tecnol\u00f3gico, Arana Varela manteve coopera\u00e7\u00f5es ao longo de toda sua trajet\u00f3ria com grupos de pesquisa dos Estados Unidos, Fran\u00e7a, Espanha, Portugal, Eslov\u00eania e It\u00e1lia, al\u00e9m do pr\u00f3prio Brasil.<\/p>\n<p>Em paralelo \u00e0 sua destacada trajet\u00f3ria de pesquisador e docente, Jos\u00e9 Arana Varela teve uma ampla atua\u00e7\u00e3o em cargos de gest\u00e3o ou consultivos. Na Funda\u00e7\u00e3o de Amparo \u00e0 Pesquisa do Estado de S\u00e3o Paulo (Fapesp), ele foi diretor-presidente do Conselho T\u00e9cnico-Administrativo de 2012 a 2016 e vice-presidente do Conselho Superior de 2007 a 2010. Na Unesp, foi o primeiro pr\u00f3-reitor de Pesquisa (2005-2009), al\u00e9m de fundador e diretor da Ag\u00eancia Unesp de Inova\u00e7\u00e3o (2009-2012). Ele tamb\u00e9m foi membro do Conselho Superior de Inova\u00e7\u00e3o e Competitividade da Federa\u00e7\u00e3o das Ind\u00fastrias do Estado de S\u00e3o Paulo (Fiesp), membro de comit\u00eas assessores do Conselho Nacional de Desenvolvimento Cient\u00edfico e Tecnol\u00f3gico (CNPq) e diretor na Associa\u00e7\u00e3o Brasileira de Metalurgia e Materiais (ABM) e na Associa\u00e7\u00e3o Brasileira de Cer\u00e2mica (ABCeram). Finalmente, a partir de 2015, atuou como membro do Conselho da <em>Ceramic and Glass Industry Foundation<\/em>, bra\u00e7o da <em>ACerS<\/em> (<em>The American Ceramic Society<\/em>), dedicado ao desenvolvimento de profissionais para a ind\u00fastria global de cer\u00e2mica e vidro.<\/p>\n<p>Arana Varela era <em>fellow<\/em> da <em>ACerS<\/em> e membro da <em>World Academy of Ceramics<\/em> e da <em>Materials Research Society<\/em> (MRS). O professor tamb\u00e9m era membro de v\u00e1rias sociedades cient\u00edficas brasileiras, como a Academia Brasileira de Ci\u00eancias (ABC), Academia de Ci\u00eancias do Estado de S\u00e3o Paulo e Sociedade Brasileira de F\u00edsica (SBF).<\/p>\n<p>Na SBPMat,\u00a0o cientista era membro fundador, fez parte da diretoria fundadora, e atuou como diretor financeiro de 2004 a 2005 e como presidente de 2010 a 2011.<\/p>\n<p>Arana Varela foi membro do corpo editorial das revistas <em>Ceramics International<\/em>, <em>Science of Sintering<\/em>, Cer\u00e2mica e <em>Materials Research<\/em>. Ele recebeu mais de vinte pr\u00eamios e distin\u00e7\u00f5es nacionais e internacionais, como, por exemplo, o <em>Premio Epsilon de Oro<\/em> (2003) da\u00a0<em>Sociedad Espa\u00f1ola de Cer\u00e1mica y Vidrio<\/em>, o Pr\u00eamio Scopus Capes-Elsevier (2006) pela produ\u00e7\u00e3o cient\u00edfica, e dois pr\u00eamios da <em>American Ceramic Society<\/em>, o <em>Global Star Award<\/em> (2013) e o <em>Bridge Building Bridge Award<\/em> (2014).<\/p>\n<p>Jos\u00e9 Arana Varela faleceu em 17 de maio de 2016, aos 72 anos de idade, ap\u00f3s tr\u00eas anos de luta contra o c\u00e2ncer.<\/p>\n<p>&nbsp;<\/p>","protected":false},"excerpt":{"rendered":"<p>A Diretoria Executiva da SBPMat criou, em outubro deste ano, o Pr\u00eamio Jos\u00e9 Arana Varela. Por meio do nome, esta nova distin\u00e7\u00e3o da SBPMat presta homenagem ao Prof. Jos\u00e9 Arana Varela, destacado cientista brasileiro da \u00e1rea de materiais e ex-presidente da SBPMat, falecido em 2016. O pr\u00eamio ser\u00e1 concedido anualmente a um(a) pesquisador(a) de destaque [&hellip;]<\/p>\n","protected":false},"author":4,"featured_media":0,"comment_status":"open","ping_status":"closed","sticky":false,"template":"","format":"standard","meta":{"footnotes":""},"categories":[6],"tags":[],"_links":{"self":[{"href":"https:\/\/www.sbpmat.org.br\/pt\/wp-json\/wp\/v2\/posts\/8189"}],"collection":[{"href":"https:\/\/www.sbpmat.org.br\/pt\/wp-json\/wp\/v2\/posts"}],"about":[{"href":"https:\/\/www.sbpmat.org.br\/pt\/wp-json\/wp\/v2\/types\/post"}],"author":[{"embeddable":true,"href":"https:\/\/www.sbpmat.org.br\/pt\/wp-json\/wp\/v2\/users\/4"}],"replies":[{"embeddable":true,"href":"https:\/\/www.sbpmat.org.br\/pt\/wp-json\/wp\/v2\/comments?post=8189"}],"version-history":[{"count":4,"href":"https:\/\/www.sbpmat.org.br\/pt\/wp-json\/wp\/v2\/posts\/8189\/revisions"}],"predecessor-version":[{"id":8217,"href":"https:\/\/www.sbpmat.org.br\/pt\/wp-json\/wp\/v2\/posts\/8189\/revisions\/8217"}],"wp:attachment":[{"href":"https:\/\/www.sbpmat.org.br\/pt\/wp-json\/wp\/v2\/media?parent=8189"}],"wp:term":[{"taxonomy":"category","embeddable":true,"href":"https:\/\/www.sbpmat.org.br\/pt\/wp-json\/wp\/v2\/categories?post=8189"},{"taxonomy":"post_tag","embeddable":true,"href":"https:\/\/www.sbpmat.org.br\/pt\/wp-json\/wp\/v2\/tags?post=8189"}],"curies":[{"name":"wp","href":"https:\/\/api.w.org\/{rel}","templated":true}]}}