{"id":11704,"date":"2026-09-03T15:35:47","date_gmt":"2026-09-03T18:35:47","guid":{"rendered":"https:\/\/www.sbpmat.org.br\/?p=11704"},"modified":"2026-09-03T15:38:33","modified_gmt":"2026-09-03T18:38:33","slug":"boletim-da-sbpmat-162a-edicao","status":"publish","type":"post","link":"https:\/\/www.sbpmat.org.br\/pt\/boletim-da-sbpmat-162a-edicao\/","title":{"rendered":"Boletim da SBPMat: 162\u00aa edi\u00e7\u00e3o"},"content":{"rendered":"<p>&nbsp;<\/p>\n<p>&nbsp;<\/p>\n<p>&nbsp;<\/p>\n<table style=\"width: 100%;\" border=\"0\" width=\"100%\" cellspacing=\"0\" cellpadding=\"0\">\n<tbody>\n<tr style=\"background-color: #ffffff;\">\n<td style=\"background-color: #ffffff;\" bgcolor=\"#ffffff\">\n<table id=\"Introdu\u00e7\u00e3o\" class=\"connect\" style=\"background-color: #ffffff; font-size: 14px; width: 600px; margin: 0px auto;\" border=\"0\" width=\"600\" cellspacing=\"0\" cellpadding=\"0\" align=\"center\" bgcolor=\"#ffffff\">\n<tbody>\n<tr>\n<td style=\"color: #666666; font-size: 12px; text-align: left; padding: 20px;\" bgcolor=\"#ffffff\" width=\"100%\"><\/td>\n<\/tr>\n<tr>\n<td style=\"padding: 10px 20px;\" bgcolor=\"#ffffff\" width=\"100%\"><!-- [if gte mso 9]>\n\n\n<table align=\"center\" border=\"0\" cellspacing=\"0\" cellpadding=\"0\" width=\"560\" style=\"width:560px;table-layout:fixed;word-wrap:break-word;\">\n\n\n<tr>\n\n\n<td align=\"center\" valign=\"top\" width=\"560\" style=\"width:560px;\"><![endif]--><\/p>\n<table style=\"table-layout: fixed;\" border=\"0\" width=\"560\" cellspacing=\"0\" cellpadding=\"0\" align=\"left\">\n<tbody>\n<tr>\n<td width=\"100%\"><a class=\"imgGl\"><img loading=\"lazy\" decoding=\"async\" style=\"vertical-align: top;\" src=\"https:\/\/dl.dnzdns.com\/v\/NUOWedABF0246\" alt=\"cabecalho-news-2\" width=\"560\" height=\"271\" \/><\/a><\/td>\n<\/tr>\n<\/tbody>\n<\/table>\n<p><!-- [if gte mso 9]><\/td>\n\n\n<\/tr>\n\n\n<\/table>\n\n\n<![endif]--><\/td>\n<\/tr>\n<tr>\n<td style=\"text-align: left; color: #666666; background-color: #ffffff; padding: 10px 20px;\" bgcolor=\"#ffffff\" width=\"100%\">\n<div style=\"text-align: center; font-family: Arial; font-size: 14px; color: #666666;\"><span style=\"color: #336699; font-family: Arial; font-size: 14px; text-align: center;\"><span style=\"font-size: 16px; font-family: Arial; color: #336699; text-align: center;\"><span style=\"font-family: arial, helvetica, sans-serif; font-size: 16px; color: #336699; text-align: center;\"><b>Edi\u00e7\u00e3o n\u00ba 162. 31 de agosto de 2026.<\/b><\/span><\/span><\/span><\/div>\n<\/td>\n<\/tr>\n<\/tbody>\n<\/table>\n<\/td>\n<\/tr>\n<tr style=\"background-color: #efefef;\">\n<td style=\"background-color: #ffffff;\" bgcolor=\"#ffffff\">\n<table id=\"Cabe\u00e7alho\" class=\"connect\" style=\"background-color: #ffffff; font-size: 14px; width: 600px; margin: 0px auto;\" border=\"0\" width=\"600\" cellspacing=\"0\" cellpadding=\"0\" align=\"center\" bgcolor=\"#ffffff\">\n<tbody>\n<tr>\n<td style=\"text-align: left; color: #666666; background-color: #ffffff; padding: 10px 20px;\" bgcolor=\"#ffffff\" width=\"100%\">\n<p style=\"font-family: Arial; font-size: 14px; color: #666666; text-align: left;\"><span style=\"font-family: arial, helvetica, sans-serif;\"><span style=\"font-size: 18px; font-family: arial, helvetica, sans-serif; color: #336699; text-align: left;\"><b>Artigos da comunidade<\/b><\/span><\/span><\/p>\n<\/td>\n<\/tr>\n<tr>\n<td style=\"padding: 10px 20px;\" bgcolor=\"#ffffff\" width=\"100%\"><!-- [if gte mso 9]>\n\n\n<table align=\"center\" border=\"0\" cellspacing=\"0\" cellpadding=\"0\" width=\"560\" style=\"width:560px;table-layout:fixed;word-wrap:break-word;\">\n\n\n<tr>\n\n\n<td align=\"center\" valign=\"top\" width=\"560\" style=\"width:560px;\"><![endif]--><\/p>\n<table style=\"table-layout: fixed;\" border=\"0\" width=\"560\" cellspacing=\"0\" cellpadding=\"0\" align=\"left\">\n<tbody>\n<tr>\n<td width=\"100%\"><a class=\"imgGl\" href=\"https:\/\/sbplink.sbpmat.org.br\/cl\/PXyYV\/C0o\/e1b8\/P2Y9rEKkvcC\/BLdP\/NivL6iSv4Yl\/1\/\"><img loading=\"lazy\" decoding=\"async\" style=\"vertical-align: top;\" src=\"https:\/\/dl.dnzdns.com\/v\/dnJD79ABF0415\" alt=\"1\" width=\"560\" height=\"310\" \/><\/a><\/td>\n<\/tr>\n<\/tbody>\n<\/table>\n<p><!-- [if gte mso 9]><\/td>\n\n\n<\/tr>\n\n\n<\/table>\n\n\n<![endif]--><\/td>\n<\/tr>\n<tr>\n<td style=\"text-align: left; color: #666666; background-color: #ffffff; padding: 10px 20px;\" bgcolor=\"#ffffff\" width=\"100%\">\n<p style=\"font-family: Arial; font-size: 14px; color: #666666; text-align: left;\"><span style=\"font-size: 12px; font-family: Arial; color: #666666; text-align: left;\"><span style=\"font-family: Arial, Helvetica, sans-serif; font-size: 12px; color: #666666; text-align: left;\"><span style=\"color: #000000; font-family: Arial, Helvetica, sans-serif; font-size: 12px; text-align: left;\">Enzimas s\u00e3o mol\u00e9culas que podem ser encontradas na natureza e funcionam como catalisadores biol\u00f3gicos, viabilizando rea\u00e7\u00f5es qu\u00edmicas importantes para a vida sem serem consumidas no processo. No mundo tecnol\u00f3gico, elas podem ser utilizadas na produ\u00e7\u00e3o de sensores e catalisadores. E uma forma de possibilitar esse uso das enzimas \u00e9 mediante a produ\u00e7\u00e3o de nanoflores enzim\u00e1ticas &#8211; part\u00edculas de formato semelhante ao de uma flor que combinam enzimas com elementos inorg\u00e2nicos. Nesse nanomaterial as &#8220;p\u00e9talas&#8221; da flor oferecem uma grande \u00e1rea superficial para que a atividade catal\u00edtica aconte\u00e7a. Por\u00e9m, a integra\u00e7\u00e3o das nanoflores em dispositivos eletr\u00f4nicos ainda apresenta alguns desafios. Uma pesquisa recente, totalmente realizada na UNIFESP, deu um importante passo nesse sentido. Usando t\u00e9cnicas de baixo custo, os autores conseguiram incorporar nanoflores formadas pela enzima urease e \u00edons de cobre em um filme fino polim\u00e9rico. O material apresentou boa estabilidade e atividade catal\u00edtica. O trabalho abre possibilidades de desenvolvimento de dispositivos miniaturizados e reutiliz\u00e1veis, que sejam capazes, por exemplo, de monitorar a presen\u00e7a de ureia em amostras biol\u00f3gicas, solos e efluentes<\/span><\/span><\/span><span style=\"font-size: 12px; font-family: Arial; color: #666666; text-align: left;\"><span style=\"font-family: Arial, Helvetica, sans-serif; font-size: 12px; color: #666666; text-align: left;\"><span style=\"color: #000000; font-family: Arial, Helvetica, sans-serif; font-size: 12px; text-align: left;\">. <a style=\"color: #337ab7;\" href=\"https:\/\/sbplink.sbpmat.org.br\/cl\/PXyYV\/C0o\/e1b8\/P2Y9rEKkvcC\/BLdP\/NivL6iSv4Yl\/2\/\"><b>Acesse o paper.<\/b><\/a><\/span><\/span><\/span><\/p>\n<\/td>\n<\/tr>\n<tr>\n<td style=\"padding: 10px 20px;\" bgcolor=\"#ffffff\" width=\"100%\"><!-- [if gte mso 9]>\n\n\n<table align=\"center\" border=\"0\" cellspacing=\"0\" cellpadding=\"0\" width=\"560\" style=\"width:560px;table-layout:fixed;word-wrap:break-word;\">\n\n\n<tr>\n\n\n<td align=\"center\" valign=\"top\" width=\"560\" style=\"width:560px;\"><![endif]--><\/p>\n<table style=\"table-layout: fixed;\" border=\"0\" width=\"560\" cellspacing=\"0\" cellpadding=\"0\" align=\"left\">\n<tbody>\n<tr>\n<td width=\"100%\"><a class=\"imgGl\" href=\"https:\/\/sbplink.sbpmat.org.br\/cl\/PXyYV\/C0o\/e1b8\/P2Y9rEKkvcC\/BLdP\/GlBtfj8zdQm\/1\/\"><img loading=\"lazy\" decoding=\"async\" style=\"vertical-align: top;\" src=\"https:\/\/dl.dnzdns.com\/v\/tzE157ABF0412\" alt=\"2\" width=\"560\" height=\"310\" \/><\/a><\/td>\n<\/tr>\n<\/tbody>\n<\/table>\n<p><!-- [if gte mso 9]><\/td>\n\n\n<\/tr>\n\n\n<\/table>\n\n\n<![endif]--><\/td>\n<\/tr>\n<tr>\n<td style=\"text-align: left; color: #666666; background-color: #ffffff; padding: 10px 20px;\" bgcolor=\"#ffffff\" width=\"100%\">\n<p style=\"font-family: Arial; font-size: 14px; color: #666666; text-align: left;\"><span style=\"font-size: 12px; font-family: Arial; color: #666666; text-align: left;\"><span style=\"font-family: Arial, Helvetica, sans-serif; font-size: 12px; color: #666666; text-align: left;\"><span style=\"color: #000000; font-family: Arial, Helvetica, sans-serif; font-size: 12px; text-align: left;\">Uma equipe cient\u00edfica internacional liderada por pesquisadores da UNESP gerou mais um avan\u00e7o no sentido de otimizar as c\u00e9lulas solares de perovskita. Esses dispositivos s\u00e3o formados por camadas de diferentes materiais, as quais podem ser organizadas em diferentes disposi\u00e7\u00f5es. A arquitetura planar invertida oferece algumas vantagens: mais estabilidade, compatibilidade com substratos flex\u00edveis e f\u00e1cil integra\u00e7\u00e3o em c\u00e9lulas tandem, as quais atingem as maiores efici\u00eancias poss\u00edveis ao unir v\u00e1rias c\u00e9lulas solares, uma em cima da outra. Neste novo trabalho, os autores desenvolveram um material capaz de melhorar o desempenho de c\u00e9lulas solares de perovskita de arquitetura planar invertida. O material mistura uma pel\u00edcula do pol\u00edmero polietilenimina, que \u00e9 isolante, com nanopart\u00edculas de um material bidimensional da classe dos MXenes, conhecidos pela sua alta condutividade. O novo material foi testado na interface entre a camada transportadora de el\u00e9trons e o c\u00e1todo met\u00e1lico, que \u00e9 a porta de sa\u00edda dos el\u00e9trons. Os testes mostraram que o uso de MXenes melhorou as propriedades da interface, aumentando significativamente a efici\u00eancia da c\u00e9lula solar com rela\u00e7\u00e3o ao pol\u00edmero puro. Al\u00e9m dos cientistas da UNESP-Bauru, o trabalho contou com a participa\u00e7\u00e3o de pesquisadores da UTFPR, do ITA e do centro brasileiro de pesquisa aplicada Oninn, al\u00e9m de colaboradores das institui\u00e7\u00f5es su\u00ed\u00e7as Empa e EPFL. <\/span><\/span><\/span><a style=\"color: #0000ff;\" href=\"https:\/\/sbplink.sbpmat.org.br\/cl\/PXyYV\/C0o\/e1b8\/P2Y9rEKkvcC\/BLdP\/GlBtfj8zdQm\/2\/\"><span style=\"color: #0000ff; font-family: Arial; font-size: 14px; text-align: left;\"><span style=\"font-size: 12px; font-family: Arial; color: #0000ff; text-align: left;\"><span style=\"font-family: Arial, Helvetica, sans-serif; font-size: 12px; color: #0000ff; text-align: left;\"><b>Acesse o paper.<\/b><\/span><\/span><\/span><\/a><\/p>\n<\/td>\n<\/tr>\n<tr>\n<td style=\"padding: 10px 20px;\" bgcolor=\"#ffffff\" width=\"100%\"><!-- [if gte mso 9]>\n\n\n<table align=\"center\" border=\"0\" cellspacing=\"0\" cellpadding=\"0\" width=\"560\" style=\"width:560px;table-layout:fixed;word-wrap:break-word;\">\n\n\n<tr>\n\n\n<td align=\"center\" valign=\"top\" width=\"560\" style=\"width:560px;\"><![endif]--><\/p>\n<table style=\"table-layout: fixed;\" border=\"0\" width=\"560\" cellspacing=\"0\" cellpadding=\"0\" align=\"left\">\n<tbody>\n<tr>\n<td width=\"100%\"><a class=\"imgGl\" href=\"https:\/\/sbplink.sbpmat.org.br\/cl\/PXyYV\/C0o\/e1b8\/P2Y9rEKkvcC\/BLdP\/NDSSzzwM-fU\/1\/\"><img loading=\"lazy\" decoding=\"async\" style=\"vertical-align: top;\" src=\"https:\/\/dl.dnzdns.com\/v\/72Zqb2ABF0416\" alt=\"3\" width=\"560\" height=\"310\" \/><\/a><\/td>\n<\/tr>\n<\/tbody>\n<\/table>\n<p><!-- [if gte mso 9]><\/td>\n\n\n<\/tr>\n\n\n<\/table>\n\n\n<![endif]--><\/td>\n<\/tr>\n<tr>\n<td style=\"text-align: left; color: #666666; background-color: #ffffff; padding: 10px 20px;\" bgcolor=\"#ffffff\" width=\"100%\">\n<p style=\"font-family: Arial; font-size: 14px; color: #666666; text-align: left;\"><span style=\"font-size: 12px; font-family: Arial; color: #666666; text-align: left;\"><span style=\"font-family: Arial, Helvetica, sans-serif; font-size: 12px; color: #666666; text-align: left;\"><span style=\"color: #000000; font-family: Arial, Helvetica, sans-serif; font-size: 12px; text-align: left;\">Uma pesquisa realizada por pesquisadores da UFSCar e da USP apresenta uma nova abordagem para desenvolver sensores de g\u00e1s mais eficientes. Inicialmente, os autores produziram um sensor baseado em um filme de \u00f3xido de zinco com quantidades muito pequenas de cobalto. O material foi testado na detec\u00e7\u00e3o de oz\u00f4nio, g\u00e1s classificado pela Organiza\u00e7\u00e3o Mundial da Sa\u00fade (OMS) como um importante poluente quando se acumula na baixa atmosfera. Usando a t\u00e9cnica de espectroscopia de fotoluminesc\u00eancia, os cientistas observaram que, ao ser excitado, o sensor gerava uma intensa emiss\u00e3o de luz azul, e que essa emiss\u00e3o estava relacionada \u00e0 presen\u00e7a de um determinado tipo de defeito no material, o qual estava, por sua vez, associado a uma melhor adsor\u00e7\u00e3o do oz\u00f4nio. Em outras palavras, os autores relacionaram a medida de luminesc\u00eancia azul \u00e0 efici\u00eancia do sensor. Com base nesse m\u00e9todo, a equipe conseguiu realizar uma engenharia de defeitos que permitiu aumentar em 37 vezes a resposta do sensor ao oz\u00f4nio. O estudo abre possibilidades no uso de medidas de luminesc\u00eancia para a otimiza\u00e7\u00e3o de sensores de g\u00e1s. <a style=\"color: #337ab7;\" href=\"https:\/\/sbplink.sbpmat.org.br\/cl\/PXyYV\/C0o\/e1b8\/P2Y9rEKkvcC\/BLdP\/NDSSzzwM-fU\/2\/\"><b>Acesse o paper.<\/b><\/a><\/span><\/span><\/span><\/p>\n<\/td>\n<\/tr>\n<tr>\n<td style=\"text-align: left; color: #666666; background-color: #ffffff; padding: 10px 20px;\" bgcolor=\"#ffffff\" width=\"100%\">\n<p style=\"font-family: Arial; font-size: 14px; color: #666666; text-align: left;\"><span style=\"color: #006699; font-family: Arial; font-size: 14px; text-align: left;\"><i><b><span style=\"font-size: 12px; font-family: Arial; color: #006699; text-align: left;\"><span style=\"font-family: Arial, Helvetica, sans-serif; font-size: 12px; color: #006699; text-align: left;\">Deseja divulgar um artigo cient\u00edfico destacado, da \u00e1rea de materiais e com significativa participa\u00e7\u00e3o de autores de institui\u00e7\u00f5es brasileiras? Escreva para comunicacao@sbpmat.org.br.<\/span><\/span><\/b><\/i><\/span><\/p>\n<\/td>\n<\/tr>\n<tr>\n<td style=\"text-align: left; color: #666666; background-color: #ffffff; padding: 10px 20px;\" bgcolor=\"#ffffff\" width=\"100%\">\n<p style=\"font-family: Arial; font-size: 14px; color: #666666; text-align: left;\"><span style=\"font-family: arial, helvetica, sans-serif;\"><span style=\"font-size: 18px; font-family: arial, helvetica, sans-serif; color: #336699; text-align: left;\"><b><span style=\"font-size: 16px; font-family: arial, helvetica, sans-serif; color: #336699; text-align: left;\">Novidades da comunidade<\/span><\/b><\/span><\/span><\/p>\n<\/td>\n<\/tr>\n<tr>\n<td style=\"padding: 10px 20px;\" bgcolor=\"#ffffff\" width=\"100%\"><!-- [if gte mso 9]>\n\n\n<table align=\"center\" border=\"0\" cellspacing=\"0\" cellpadding=\"0\" width=\"560\" style=\"width:560px;table-layout:fixed;word-wrap:break-word;\">\n\n\n<tr>\n\n\n<td align=\"center\" valign=\"top\" width=\"560\" style=\"width:560px;\"><![endif]--><\/p>\n<table style=\"table-layout: fixed;\" border=\"0\" width=\"560\" cellspacing=\"0\" cellpadding=\"0\" align=\"left\">\n<tbody>\n<tr>\n<td width=\"100%\"><a class=\"imgGl\"><img loading=\"lazy\" decoding=\"async\" style=\"vertical-align: top;\" src=\"https:\/\/dl.dnzdns.com\/v\/Q3BZ2fABF0475\" alt=\"5\" width=\"560\" height=\"310\" \/><\/a><\/td>\n<\/tr>\n<\/tbody>\n<\/table>\n<p><!-- [if gte mso 9]><\/td>\n\n\n<\/tr>\n\n\n<\/table>\n\n\n<![endif]--><\/td>\n<\/tr>\n<tr>\n<td style=\"text-align: left; color: #666666; background-color: #ffffff; padding: 10px 20px;\" bgcolor=\"#ffffff\" width=\"100%\">\n<p style=\"font-family: Arial; font-size: 14px; color: #666666; text-align: left;\"><span style=\"font-size: 12px; font-family: Arial; color: #666666; text-align: left;\"><span style=\"font-family: Arial, Helvetica, sans-serif; font-size: 12px; color: #666666; text-align: left;\"><span style=\"color: #000000; font-family: Arial, Helvetica, sans-serif; font-size: 12px; text-align: left;\">O Grupo de Nanomedicina e Nanotoxicologia do Instituto de F\u00edsica de S\u00e3o Carlos (GNano\/ IFSC-USP), coordenado pelo s\u00f3cio da SBPMat Valtencir Zucolotto, conquistou o primeiro lugar do \u201c<a style=\"color: #337ab7;\" href=\"https:\/\/icesp.org.br\/noticias\/icesp-promove-17a-edicao-do-premio-octavio-frias-de-oliveira\/\"><b>XVII Pr\u00eamio Octavio Frias de Oliveira\u201d <\/b><\/a>na categoria \u201cInova\u00e7\u00e3o Tecnol\u00f3gica em Oncologia\u201d. O pr\u00eamio, que busca estimular a produ\u00e7\u00e3o de conhecimento sobre preven\u00e7\u00e3o e combate ao c\u00e2ncer no Brasil, \u00e9 concedido desde 2010 pelo Instituto do C\u00e2ncer do Estado de S\u00e3o Paulo (ICESP) em parceria com o jornal Folha de S\u00e3o Paulo. O trabalho do GNano vencedor abre novas possibilidades para o tratamento do glioblastoma &#8211; um dos tumores cerebrais mais agressivos e dif\u00edceis de combater. Atualmente, o tratamento \u00e9 realizado pela administra\u00e7\u00e3o, por via oral, do quimioter\u00e1pico temozolomida, mas o m\u00e9todo gera fortes efeitos adversos. Nesta nova pesquisa, que foi publicada em dezembro de 2024 no peri\u00f3dico cient\u00edfico ACS Applied Materials &amp; Interfaces, pesquisadores do GNano e colaboradores desenvolveram nanopart\u00edculas biodegrad\u00e1veis e biomim\u00e9ticas que s\u00e3o capazes de carregar o quimioter\u00e1pico e liber\u00e1-lo diretamente no c\u00e9rebro ap\u00f3s administra\u00e7\u00e3o nasal. A nova via permite utilizar doses menores do f\u00e1rmaco e concentrar sua a\u00e7\u00e3o nas c\u00e9lulas cancer\u00edgenas, reduzindo seus efeitos colaterais. A primeira autora do artigo, a pesquisadora Nat\u00e1lia Noronha Ferreira, recebeu o pr\u00eamio no dia 12 de agosto no audit\u00f3rio do ICESP, na cidade de S\u00e3o Paulo.<\/span><\/span><\/span><\/p>\n<\/td>\n<\/tr>\n<tr>\n<td style=\"padding: 10px 20px;\" bgcolor=\"#ffffff\" width=\"100%\"><!-- [if gte mso 9]>\n\n\n<table align=\"center\" border=\"0\" cellspacing=\"0\" cellpadding=\"0\" width=\"560\" style=\"width:560px;table-layout:fixed;word-wrap:break-word;\">\n\n\n<tr>\n\n\n<td align=\"center\" valign=\"top\" width=\"560\" style=\"width:560px;\"><![endif]--><\/p>\n<table style=\"table-layout: fixed;\" border=\"0\" width=\"560\" cellspacing=\"0\" cellpadding=\"0\" align=\"left\">\n<tbody>\n<tr>\n<td width=\"100%\"><a class=\"imgGl\"><img loading=\"lazy\" decoding=\"async\" style=\"vertical-align: top;\" src=\"https:\/\/dl.dnzdns.com\/v\/3ELV9dABF0490\" alt=\"4\" width=\"560\" height=\"310\" \/><\/a><\/td>\n<\/tr>\n<\/tbody>\n<\/table>\n<p><!-- [if gte mso 9]><\/td>\n\n\n<\/tr>\n\n\n<\/table>\n\n\n<![endif]--><\/td>\n<\/tr>\n<tr>\n<td style=\"text-align: left; color: #666666; background-color: #ffffff; padding: 10px 20px;\" bgcolor=\"#ffffff\" width=\"100%\">\n<p style=\"font-family: Arial; font-size: 14px; color: #666666; text-align: left;\"><span style=\"font-size: 12px; font-family: Arial; color: #666666; text-align: left;\"><span style=\"font-family: Arial, Helvetica, sans-serif; font-size: 12px; color: #666666; text-align: left;\"><span style=\"color: #000000; font-family: Arial, Helvetica, sans-serif; font-size: 12px; text-align: left;\">A professora Luciana Reyes Pires Kassab, s\u00f3cia e membro do Conselho Deliberativo da SBPMat, integra agora o corpo de editores associados do peri\u00f3dico cient\u00edfico <a style=\"color: #337ab7;\" href=\"https:\/\/link.springer.com\/journal\/11468\"><b>Plasmonics<\/b><\/a> (Springer Nature), dedicado aos avan\u00e7os na \u00e1rea de pl\u00e1smons e suas aplica\u00e7\u00f5es. No blog \u201cFrom the Editors\u201d, a Springer Nature realizou uma <a style=\"color: #337ab7;\" href=\"https:\/\/communities.springernature.com\/posts\/meet-the-editor-luciana-reyes-kassab-from-faculdade-de-tecnologia-de-sao-paulo\"><b>entrevista<\/b><\/a> de boas-vindas com a pesquisadora, na qual ela compartilha as expectativas sobre seu trabalho na revista, destacando a possibilidade, para a comunidade brasileira, de publicar em formato <i>open access<\/i> em decorr\u00eancia do acordo assinado pela CAPES e a Springer Nature. Formada em F\u00edsica na gradua\u00e7\u00e3o (PUC SP), mestrado (USP) e doutorado (USP), Luciana Kassab \u00e9 docente na Faculdade de Tecnologia de S\u00e3o Paulo (Fatec S\u00e3o Paulo) desde 1992 e membro da Coordenadoria de Pesquisa Cient\u00edfica e Tecnol\u00f3gica da institui\u00e7\u00e3o desde 2004. Foi diretora da Fatec S\u00e3o Paulo de 2006 a 2017. Desde 2018, \u00e9 membro do Comit\u00ea Institucional de Inicia\u00e7\u00e3o Cient\u00edfica e Tecnol\u00f3gica do Centro Estadual de Educa\u00e7\u00e3o Tecnol\u00f3gica Paula Souza (CEETEPS), autarquia do governo do estado de S\u00e3o Paulo que administra as escolas t\u00e9cnicas e faculdades de tecnologia. A cientista atua h\u00e1 d\u00e9cadas na pesquisa em materiais fot\u00f4nicos avan\u00e7ados e efeitos plasm\u00f4nicos.<\/span><\/span><\/span><\/p>\n<\/td>\n<\/tr>\n<tr>\n<td style=\"text-align: left; color: #666666; background-color: #ffffff; padding: 10px 20px;\" bgcolor=\"#ffffff\" width=\"100%\">\n<p style=\"font-family: Arial; font-size: 14px; color: #666666; text-align: left;\"><span style=\"font-family: arial, helvetica, sans-serif;\"><span style=\"font-size: 18px; font-family: arial, helvetica, sans-serif; color: #336699; text-align: left;\"><b>XXIV B-MRS Meeting<br \/>\n<span style=\"font-size: 16px; font-family: arial, helvetica, sans-serif; color: #336699; text-align: left;\">Curitiba (PR), 27 de setembro a 1\u00ba de outubro de 2026<\/span><\/b><\/span><\/span><\/p>\n<div style=\"font-family: Arial; font-size: 14px; color: #666666; text-align: left;\"><\/div>\n<\/td>\n<\/tr>\n<tr>\n<td style=\"padding: 10px 20px;\" bgcolor=\"#ffffff\" width=\"100%\"><!-- [if gte mso 9]>\n\n\n<table align=\"center\" border=\"0\" cellspacing=\"0\" cellpadding=\"0\" width=\"560\" style=\"width:560px;table-layout:fixed;word-wrap:break-word;\">\n\n\n<tr>\n\n\n<td align=\"center\" valign=\"top\" width=\"560\" style=\"width:560px;\"><![endif]--><\/p>\n<table style=\"table-layout: fixed;\" border=\"0\" width=\"560\" cellspacing=\"0\" cellpadding=\"0\" align=\"left\">\n<tbody>\n<tr>\n<td width=\"100%\"><a class=\"imgGl\" href=\"https:\/\/sbplink.sbpmat.org.br\/cl\/PXyYV\/C0o\/e1b8\/P2Y9rEKkvcC\/BLdP\/C803lhq-TUW\/1\/\"><img loading=\"lazy\" decoding=\"async\" style=\"vertical-align: top;\" src=\"https:\/\/dl.dnzdns.com\/v\/juYe4aABF0411\" alt=\"5\" width=\"560\" height=\"310\" \/><\/a><\/td>\n<\/tr>\n<\/tbody>\n<\/table>\n<p><!-- [if gte mso 9]><\/td>\n\n\n<\/tr>\n\n\n<\/table>\n\n\n<![endif]--><\/td>\n<\/tr>\n<tr>\n<td style=\"text-align: left; color: #666666; background-color: #ffffff; padding: 10px 20px;\" bgcolor=\"#ffffff\" width=\"100%\">\n<p style=\"font-family: Arial; font-size: 14px; color: #666666; text-align: left;\"><span style=\"font-size: 12px; font-family: Arial; color: #666666; text-align: left;\"><span style=\"font-family: Arial, Helvetica, sans-serif; font-size: 12px; color: #666666; text-align: left;\"><b><span style=\"color: #800000; font-family: Arial, Helvetica, sans-serif; font-size: 12px; text-align: left;\">Inscri\u00e7\u00f5es. <\/span><\/b><span style=\"color: #000000; font-family: Arial, Helvetica, sans-serif; font-size: 12px; text-align: left;\">O pagamento da taxa de inscri\u00e7\u00e3o do XXIV B-MRS Meeting pode ser realizado com desconto por &#8220;regular registration&#8221;<\/span><b><span style=\"color: #000000; font-family: Arial, Helvetica, sans-serif; font-size: 12px; text-align: left;\"> at\u00e9 8 de setembro. <\/span><\/b><span style=\"color: #000000; font-family: Arial, Helvetica, sans-serif; font-size: 12px; text-align: left;\">Veja os valores por categoria e os valores especiais para s\u00f3cios ativos da SBPMat, <\/span><b><span style=\"color: #000000; font-family: Arial, Helvetica, sans-serif; font-size: 12px; text-align: left;\"><a href=\"https:\/\/www.sbpmat.org.br\/24encontro\/registration\/\">aqui<\/a>.<\/span><\/b><\/span><\/span><\/p>\n<p><strong><span style=\"color: #800000; font-family: Arial, Helvetica, sans-serif; font-size: 12px; text-align: left;\">Kids playroom. <\/span><\/strong><span style=\"color: #000000; font-family: Arial, Helvetica, sans-serif; font-size: 12px; text-align: left;\">O evento disponibilizar\u00e1, sem custo extra, no centro de conven\u00e7\u00f5es, um espa\u00e7o com monitores para filhos dos participantes que tenham entre 3 e 10 anos de idade. Para utiliz\u00e1-lo, \u00e9 necess\u00e1rio preencher o formul\u00e1rio dispon\u00edvel <a style=\"color: #337ab7;\" href=\"https:\/\/sbplink.sbpmat.org.br\/cl\/PXyYV\/C0o\/e1b8\/P2Y9rEKkvcC\/BLdP\/MvHiegrLS6C\/1\/\"><b>aqui.<\/b><\/a><\/span><\/p>\n<p><b><span style=\"color: #800000; font-family: Arial, Helvetica, sans-serif; font-size: 12px; text-align: left;\">Programa. <\/span><\/b><span style=\"color: #000000; font-family: Arial, Helvetica, sans-serif; font-size: 12px; text-align: left;\">O programa resumido do evento est\u00e1 dispon\u00edvel no site,<\/span><b><span style=\"color: #000000; font-family: Arial, Helvetica, sans-serif; font-size: 12px; text-align: left;\"> <a href=\"https:\/\/www.sbpmat.org.br\/24encontro\/program\/\">aqui<\/a>.<\/span><\/b><\/p>\n<p><strong><span style=\"color: #800000; font-family: Arial, Helvetica, sans-serif; font-size: 12px; text-align: left;\">Minicursos.<\/span><\/strong><span style=\"color: #000000; font-family: Arial, Helvetica, sans-serif; font-size: 12px; text-align: left;\"> Esta edi\u00e7\u00e3o do evento conta com 10 minicursos exclusivos para participantes, sem custo adicional. Os minicursos ser\u00e3o realizados no dia 27 de setembro (domingo) no centro de conven\u00e7\u00f5es. Cada participante com inscri\u00e7\u00e3o paga no evento pode se inscrever em um (1) minicurso, sujeito \u00e0 disponibilidade de vagas, acessando o sistema do evento e clicando na aba &#8220;Adicionar\/Editar Atividades&#8221;. <a style=\"color: #337ab7;\" href=\"https:\/\/www.sbpmat.org.br\/24encontro\/shortcourses\/\"><b>Veja a lista de minicursos<\/b><\/a>.<\/span><\/p>\n<p><span style=\"color: #800000; font-family: Arial, Helvetica, sans-serif; font-size: 12px; text-align: left;\"><b>Hospedagem. <\/b><\/span><span style=\"color: #000000; font-family: Arial, Helvetica, sans-serif; font-size: 12px; text-align: left;\">Disponibilizamos uma lista com algumas op\u00e7\u00f5es de hot\u00e9is em Curitiba,<b> <a href=\"https:\/\/www.sbpmat.org.br\/24encontro\/accommodation\/\">aqui.<\/a><\/b><\/span><\/p>\n<p><span style=\"color: #800000; font-family: Arial, Helvetica, sans-serif; font-size: 12px; text-align: left;\"><b>Local.<\/b><\/span><span style=\"color: #000000; font-family: Arial, Helvetica, sans-serif; font-size: 12px; text-align: left;\"> O evento ser\u00e1 realizado no Centro de Conven\u00e7\u00f5es Cruzeiro do Sul Conecta (antigo UP Experience), que fica dentro do campus da Universidade Positivo, na cidade de Curitiba. Endere\u00e7o: Rua Prof. Pedro Viriato Parigot de Souza, 5300.<\/span><\/p>\n<p><span style=\"color: #800000; font-family: Arial, Helvetica, sans-serif; font-size: 12px; text-align: left;\"><b>Plen\u00e1rias. <\/b><\/span><span style=\"color: #000000; font-family: Arial, Helvetica, sans-serif; font-size: 12px; text-align: left;\">J\u00e1 est\u00e3o confirmados os nomes de seis cientistas da Austr\u00e1lia, Brasil, Espanha, Estados Unidos e Su\u00e9cia que v\u00e3o proferir palestras plen\u00e1rias no evento, inclusive a palestra-pr\u00eamio Jos\u00e9 Arana Varela. <a style=\"color: #337ab7;\" href=\"https:\/\/www.sbpmat.org.br\/24encontro\/\"><b>Veja.<\/b><\/a><\/span><\/p>\n<p><span style=\"color: #800000; font-family: Arial, Helvetica, sans-serif; font-size: 12px; text-align: left;\"><b>Chairs.<\/b><\/span><span style=\"color: #000000; font-family: Arial, Helvetica, sans-serif; font-size: 12px; text-align: left;\"> Os coordenadores gerais desta edi\u00e7\u00e3o do evento s\u00e3o os professores Greg\u00f3rio Couto Faria (IFSC-USP) e Paula Cristina Rodrigues (UTFPR).<\/span><\/p>\n<p><b><span style=\"color: #800000; font-family: Arial, Helvetica, sans-serif; font-size: 12px; text-align: left;\">FAQ.<\/span><\/b><span style=\"color: #000000; font-family: Arial, Helvetica, sans-serif; font-size: 12px; text-align: left;\"> Para tirar as suas d\u00favidas sobre o evento, consulte a p\u00e1gina de <b><a href=\"https:\/\/www.sbpmat.org.br\/24encontro\/faq\/\">perguntas frequentes<\/a><\/b> ou escreva para 24encontro@sbpmat.org.br.<\/span><\/p>\n<p><b><span style=\"color: #800000; font-family: Arial, Helvetica, sans-serif; font-size: 12px; text-align: left;\">ATEN\u00c7\u00c3O:<\/span><\/b><span style=\"color: #000000; font-family: Arial, Helvetica, sans-serif; font-size: 12px; text-align: left;\"> O XXIV B-MRS Meeting <b>N\u00c3O<\/b> tem ag\u00eancia de viagens autorizada. Previna-se contra golpes e fraudes.<\/span><\/td>\n<\/tr>\n<tr>\n<td style=\"text-align: left; color: #666666; background-color: #ffffff; padding: 10px 20px;\" bgcolor=\"#ffffff\" width=\"100%\">\n<p style=\"font-family: Arial; font-size: 14px; color: #666666; text-align: left;\"><span style=\"color: #195e89; font-family: Arial; font-size: 14px; text-align: left;\"><span style=\"font-size: 18px; font-family: Arial; color: #195e89; text-align: left;\"><span style=\"font-family: arial, helvetica, sans-serif; font-size: 18px; color: #195e89; text-align: left;\"><b>Oportunidades<\/b><\/span><\/span><\/span><\/p>\n<\/td>\n<\/tr>\n<tr>\n<td style=\"text-align: left; color: #666666; background-color: #ffffff; padding: 10px 20px;\" bgcolor=\"#ffffff\" width=\"100%\">\n<p style=\"font-family: Arial; font-size: 14px; color: #666666; text-align: left;\"><span style=\"font-size: 12px; font-family: Arial; color: #666666; text-align: left;\"><span style=\"font-family: Arial, Helvetica, sans-serif; font-size: 12px; color: #666666; text-align: left;\"><span style=\"color: #000000; font-family: Arial, Helvetica, sans-serif; font-size: 12px; text-align: left;\">&#8211; Chamada de <b>propostas de pesquisa e inova\u00e7\u00e3o<\/b> em mat\u00e9rias-primas para a transi\u00e7\u00e3o verde para cons\u00f3rcios que incluam pesquisadores de S\u00e3o Paulo e da Uni\u00e3o Europeia. Envio de pr\u00e9-propostas est\u00e1 aberto at\u00e9 22 de setembro. <a style=\"color: #337ab7;\" href=\"https:\/\/agencia.fapesp.br\/fapesp-participa-de-chamada-da-uniao-europeia-com-foco-em-materias-primas-para-a-transicao-verde\/59011\"><b>Saiba mais.<\/b><\/a><\/span><\/span><\/span><\/p>\n<p style=\"font-family: Arial; font-size: 14px; color: #666666; text-align: left;\"><span style=\"font-size: 12px; font-family: Arial; color: #666666; text-align: left;\"><span style=\"font-family: Arial, Helvetica, sans-serif; font-size: 12px; color: #666666; text-align: left;\"><span style=\"color: #000000; font-family: Arial, Helvetica, sans-serif; font-size: 12px; text-align: left;\">&#8211; Est\u00e3o abertas at\u00e9 14 de setembro as inscri\u00e7\u00f5es para o <b>mestrado e doutorado<\/b> em Ci\u00eancia dos Materiais da Faculdade de Engenharia da Unesp, c\u00e2mpus de Ilha Solteira. <a style=\"color: #337ab7;\" href=\"https:\/\/app.unesp.br\/sispg\/processo-seletivo\/aluno-regular\/10187\/cie\"><b>Saiba mais.<\/b><\/a><\/span><\/span><\/span><\/p>\n<\/td>\n<\/tr>\n<tr>\n<td style=\"text-align: left; color: #666666; background-color: #ffffff; padding: 10px 20px;\" bgcolor=\"#ffffff\" width=\"100%\">\n<p style=\"font-family: Arial; font-size: 14px; color: #666666; text-align: left;\"><span style=\"color: #006699; font-family: Arial; font-size: 14px; text-align: left;\"><i><b><span style=\"font-size: 12px; font-family: Arial; color: #006699; text-align: left;\"><span style=\"font-family: Arial, Helvetica, sans-serif; font-size: 12px; color: #006699; text-align: left;\">Deseja divulgar uma oportunidade da \u00e1rea? Escreva para comunicacao@sbpmat.org.br.<\/span><\/span><\/b><\/i><\/span><\/p>\n<\/td>\n<\/tr>\n<tr>\n<td style=\"text-align: left; color: #666666; background-color: #ffffff; padding: 10px 20px;\" bgcolor=\"#ffffff\" width=\"100%\">\n<p style=\"font-family: Arial; font-size: 14px; color: #666666; text-align: left;\"><span style=\"color: #195e89; font-family: Arial; font-size: 14px; text-align: left;\"><span style=\"font-size: 18px; font-family: Arial; color: #195e89; text-align: left;\"><span style=\"font-family: arial, helvetica, sans-serif; font-size: 18px; color: #195e89; text-align: left;\"><b>Eventos da \u00e1rea<\/b><\/span><\/span><\/span><\/p>\n<\/td>\n<\/tr>\n<tr>\n<td style=\"text-align: left; color: #666666; background-color: #ffffff; padding: 10px 20px;\" bgcolor=\"#ffffff\" width=\"100%\">\n<p style=\"font-family: Arial; font-size: 14px; color: #666666; text-align: left;\"><span style=\"font-size: 12px; font-family: Arial; color: #666666; text-align: left;\"><span style=\"font-family: Arial, Helvetica, sans-serif; font-size: 12px; color: #666666; text-align: left;\"><span style=\"color: #000000; font-family: Arial, Helvetica, sans-serif; font-size: 12px; text-align: left;\">&#8211; <b>UK Symposium on Materials for Sustainability 2026 (UK-SMS 2026)<\/b>. Keele (Reino Unido). 14 a 15 de setembro de 2026. <a style=\"color: #337ab7;\" href=\"https:\/\/iop.eventsair.com\/uksms26\/\"><b>Site.<\/b><\/a><\/span><\/span><\/span><\/p>\n<p style=\"font-family: Arial; font-size: 14px; color: #666666; text-align: left;\"><span style=\"font-size: 12px; font-family: Arial; color: #666666; text-align: left;\"><span style=\"font-family: Arial, Helvetica, sans-serif; font-size: 12px; color: #666666; text-align: left;\"><span style=\"color: #000000; font-family: Arial, Helvetica, sans-serif; font-size: 12px; text-align: left;\">&#8211; <b>XXIV B-MRS Meeting<\/b>. Curitiba (PR). 27 de setembro a 1\u00ba de outubro de 2026. <a style=\"color: #337ab7;\" href=\"https:\/\/www.sbpmat.org.br\/24encontro\/\"><b>Site.<\/b><\/a><\/span><\/span><\/span><\/p>\n<p style=\"font-family: Arial; font-size: 14px; color: #666666; text-align: left;\"><span style=\"font-size: 12px; font-family: Arial; color: #666666; text-align: left;\"><span style=\"font-family: Arial, Helvetica, sans-serif; font-size: 12px; color: #666666; text-align: left;\"><span style=\"color: #000000; font-family: Arial, Helvetica, sans-serif; font-size: 12px; text-align: left;\">&#8211; <b>12th International Workshop on High Resolution Depth Profiling.<\/b> Bento Gon\u00e7alves (RS). 5 a 9 de outubro de 2026. <a style=\"color: #337ab7;\" href=\"https:\/\/sbplink.sbpmat.org.br\/cl\/PXyYV\/C0o\/e1b8\/P2Y9rEKkvcC\/BLdP\/DlT4oV_0Lhb\/1\/\"><b>Site.<\/b><\/a><\/span><\/span><\/span><\/p>\n<p style=\"font-family: Arial; font-size: 14px; color: #666666; text-align: left;\"><span style=\"font-size: 12px; font-family: Arial; color: #666666; text-align: left;\"><span style=\"font-family: Arial, Helvetica, sans-serif; font-size: 12px; color: #666666; text-align: left;\"><span style=\"color: #000000; font-family: Arial, Helvetica, sans-serif; font-size: 12px; text-align: left;\">&#8211; <b>XIII Latin American Workshop on Magnetism, Magnetic Materials and their Applications (XIII LAW3M)<\/b>. Natal (RN). 19 a 23 de outubro de 2026. <a style=\"color: #337ab7;\" href=\"https:\/\/www.law3m2026.org\/\"><b>Site.<\/b><\/a><\/span><\/span><\/span><\/p>\n<p style=\"font-family: Arial; font-size: 14px; color: #666666; text-align: left;\"><span style=\"font-size: 12px; font-family: Arial; color: #666666; text-align: left;\"><span style=\"font-family: Arial, Helvetica, sans-serif; font-size: 12px; color: #666666; text-align: left;\"><span style=\"color: #000000; font-family: Arial, Helvetica, sans-serif; font-size: 12px; text-align: left;\">&#8211; <b>26\u00ba Congresso Brasileiro de Engenharia e Ci\u00eancia dos Materiais (CBECIMAT 26). <\/b>Florian\u00f3polis (SC). 22 a 26 de novembro de 2026. <a style=\"color: #337ab7;\" href=\"https:\/\/www.cbecimat.com.br\/\"><b>Site.<\/b><\/a><\/span><\/span><\/span><\/p>\n<p style=\"font-family: Arial; font-size: 14px; color: #666666; text-align: left;\"><span style=\"font-size: 12px; font-family: Arial; color: #666666; text-align: left;\"><span style=\"font-family: Arial, Helvetica, sans-serif; font-size: 12px; color: #666666; text-align: left;\"><span style=\"color: #000000; font-family: Arial, Helvetica, sans-serif; font-size: 12px; text-align: left;\">&#8211; <b>13th International Conference of the African Materials Research Society (AMRS 2026)<\/b>. Nair\u00f3bi (Kenya). 5 a 10 de dezembro de 2026. <a style=\"color: #337ab7;\" href=\"https:\/\/africanmrs.net\/kenya-2026\/\"><b>Site.<\/b><\/a><\/span><\/span><\/span><\/p>\n<p><span style=\"color: #000000; font-family: Arial, Helvetica, sans-serif; font-size: 12px; text-align: left;\">&#8211; <b>II Reuni\u00e3o de Usu\u00e1rios de N\u00eautrons (II RUN). <\/b>S\u00e3o Paulo (SP). 26 a 28 de janeiro de 2027. <a style=\"color: #337ab7;\" href=\"https:\/\/portal.if.usp.br\/iirun\/\"><b>Site.<\/b><\/a><\/span><\/p>\n<p style=\"font-family: Arial; font-size: 14px; color: #666666; text-align: left;\"><span style=\"font-size: 12px; font-family: Arial; color: #666666; text-align: left;\"><span style=\"font-family: Arial, Helvetica, sans-serif; font-size: 12px; color: #666666; text-align: left;\"><span style=\"color: #000000; font-family: Arial, Helvetica, sans-serif; font-size: 12px; text-align: left;\">&#8211; <b>Materials for Sustainable Development Conference \u2013 Latin Am\u00e9rica (MATSUS-LATAM27). <\/b>Cartagena das \u00cdndias (Colombia). 1\u00ba a 3 de fevereiro de 2027. <a style=\"color: #337ab7;\" href=\"https:\/\/www.nanoge.org\/MATSUSLATAM27\/home\"><b>Site.<\/b><\/a><\/span><\/span><\/span><\/p>\n<p style=\"font-family: Arial; font-size: 14px; color: #666666; text-align: left;\"><span style=\"font-size: 12px; font-family: Arial; color: #666666; text-align: left;\"><span style=\"font-family: Arial, Helvetica, sans-serif; font-size: 12px; color: #666666; text-align: left;\"><span style=\"color: #000000; font-family: Arial, Helvetica, sans-serif; font-size: 12px; text-align: left;\">&#8211; <b>XXV B-MRS Meeting<\/b>. Fortaleza (CE). 12 a 16 de setembro de 2027.<\/span><\/span><\/span><\/p>\n<\/td>\n<\/tr>\n<tr>\n<td style=\"text-align: left; color: #666666; background-color: #ffffff; padding: 10px 20px;\" bgcolor=\"#ffffff\" width=\"100%\">\n<p style=\"font-family: Arial; font-size: 14px; color: #666666; text-align: left;\"><span style=\"color: #006699; font-family: Arial; font-size: 14px; text-align: left;\"><i><b><span style=\"font-size: 12px; font-family: Arial; color: #006699; text-align: left;\"><span style=\"font-family: Arial, Helvetica, sans-serif; font-size: 12px; color: #006699; text-align: left;\">Deseja divulgar um evento da \u00e1rea para a comunidade da SBPMat? Escreva para comunicacao@sbpmat.org.br.<\/span><\/span><\/b><\/i><\/span><\/p>\n<\/td>\n<\/tr>\n<tr>\n<td style=\"text-align: left; background-color: #ffffff; padding: 20px 0px;\" align=\"center\" bgcolor=\"#ffffff\" width=\"100%\">\n<p style=\"text-align: center; font-family: Arial; font-size: 14px; color: #222222;\"><span style=\"font-size: 14px; font-family: Arial; color: #222222; text-align: center;\"><span style=\"font-family: arial, helvetica, sans-serif; font-size: 14px; color: #222222; text-align: center;\">Siga-nos nas redes sociais<\/span><\/span><\/p>\n<table style=\"table-layout: fixed; margin: 0px auto;\" border=\"0\" cellspacing=\"0\" cellpadding=\"0\" align=\"center\">\n<tbody>\n<tr>\n<td style=\"padding: 10px 0px 0px 0px;\" align=\"center\" bgcolor=\"#ffffff\">\n<table border=\"0\" width=\"100%\" cellspacing=\"0\" cellpadding=\"0\">\n<tbody>\n<tr>\n<td class=\"social-media\" style=\"text-align: center;\" align=\"center\" bgcolor=\"#ffffff\"><a style=\"color: #337ab7;\" href=\"https:\/\/sbplink.sbpmat.org.br\/sf\/PXyYV\/C0o\/e1b8\/P2Y9rEKkvcC\/BLdP\/FCB\/{{__exParams}}?url=https%3A%2F%2Ffacebook.com%2FSBPMat\"><img loading=\"lazy\" decoding=\"async\" src=\"https:\/\/dl.dnzdns.com\/m\/c\/FCB\" alt=\"Facebook\" width=\"30\" height=\"30\" \/><\/a> <a style=\"color: #337ab7;\" href=\"https:\/\/sbplink.sbpmat.org.br\/sf\/PXyYV\/C0o\/e1b8\/P2Y9rEKkvcC\/BLdP\/INS\/{{__exParams}}?url=https%3A%2F%2Finstagram.com%2Fsbpmat_bmrs%2F\"><img loading=\"lazy\" decoding=\"async\" src=\"https:\/\/dl.dnzdns.com\/m\/c\/INS\" alt=\"Instagram\" width=\"30\" height=\"30\" \/><\/a> <a style=\"color: #337ab7;\" href=\"https:\/\/sbplink.sbpmat.org.br\/sf\/PXyYV\/C0o\/e1b8\/P2Y9rEKkvcC\/BLdP\/YOU\/{{__exParams}}?url=https%3A%2F%2Fyoutube.com%2FSBPMatBMRS\"><img loading=\"lazy\" decoding=\"async\" src=\"https:\/\/dl.dnzdns.com\/m\/c\/YOU\" alt=\"Youtube\" width=\"30\" height=\"30\" \/><\/a> <a style=\"color: #337ab7;\" href=\"https:\/\/sbplink.sbpmat.org.br\/sf\/PXyYV\/C0o\/e1b8\/P2Y9rEKkvcC\/BLdP\/LKD\/{{__exParams}}?url=https%3A%2F%2Flinkedin.com%2Fgroups%2F6560331\"><img loading=\"lazy\" decoding=\"async\" src=\"https:\/\/dl.dnzdns.com\/m\/c\/LKD\" alt=\"Linkedin\" width=\"30\" height=\"30\" \/><\/a><\/td>\n<\/tr>\n<\/tbody>\n<\/table>\n<\/td>\n<\/tr>\n<\/tbody>\n<\/table>\n<\/td>\n<\/tr>\n<\/tbody>\n<\/table>\n<\/td>\n<\/tr>\n<tr style=\"background-color: #747474;\">\n<td style=\"background-color: #ffffff;\" bgcolor=\"#ffffff\"><\/td>\n<\/tr>\n<\/tbody>\n<\/table>\n<p><\/p>","protected":false},"excerpt":{"rendered":"<p>&nbsp; &nbsp; &nbsp; Edi\u00e7\u00e3o n\u00ba 162. 31 de agosto de 2026. Artigos da comunidade Enzimas s\u00e3o mol\u00e9culas que podem ser encontradas na natureza e funcionam como catalisadores biol\u00f3gicos, viabilizando rea\u00e7\u00f5es qu\u00edmicas importantes para a vida sem serem consumidas no processo. No mundo tecnol\u00f3gico, elas podem ser utilizadas na produ\u00e7\u00e3o de sensores e catalisadores. E uma [&hellip;]<\/p>\n","protected":false},"author":4,"featured_media":0,"comment_status":"open","ping_status":"closed","sticky":false,"template":"","format":"standard","meta":{"footnotes":""},"categories":[6],"tags":[],"_links":{"self":[{"href":"https:\/\/www.sbpmat.org.br\/pt\/wp-json\/wp\/v2\/posts\/11704"}],"collection":[{"href":"https:\/\/www.sbpmat.org.br\/pt\/wp-json\/wp\/v2\/posts"}],"about":[{"href":"https:\/\/www.sbpmat.org.br\/pt\/wp-json\/wp\/v2\/types\/post"}],"author":[{"embeddable":true,"href":"https:\/\/www.sbpmat.org.br\/pt\/wp-json\/wp\/v2\/users\/4"}],"replies":[{"embeddable":true,"href":"https:\/\/www.sbpmat.org.br\/pt\/wp-json\/wp\/v2\/comments?post=11704"}],"version-history":[{"count":2,"href":"https:\/\/www.sbpmat.org.br\/pt\/wp-json\/wp\/v2\/posts\/11704\/revisions"}],"predecessor-version":[{"id":11706,"href":"https:\/\/www.sbpmat.org.br\/pt\/wp-json\/wp\/v2\/posts\/11704\/revisions\/11706"}],"wp:attachment":[{"href":"https:\/\/www.sbpmat.org.br\/pt\/wp-json\/wp\/v2\/media?parent=11704"}],"wp:term":[{"taxonomy":"category","embeddable":true,"href":"https:\/\/www.sbpmat.org.br\/pt\/wp-json\/wp\/v2\/categories?post=11704"},{"taxonomy":"post_tag","embeddable":true,"href":"https:\/\/www.sbpmat.org.br\/pt\/wp-json\/wp\/v2\/tags?post=11704"}],"curies":[{"name":"wp","href":"https:\/\/api.w.org\/{rel}","templated":true}]}}