{"id":10614,"date":"2023-12-21T17:39:15","date_gmt":"2023-12-21T20:39:15","guid":{"rendered":"https:\/\/www.sbpmat.org.br\/?p=10614"},"modified":"2023-12-22T12:15:03","modified_gmt":"2023-12-22T15:15:03","slug":"entrevista-com-ana-elisa-ferreira-de-oliveira-vencedora-do-premio-capes-de-tese-da-area-de-materiais","status":"publish","type":"post","link":"https:\/\/www.sbpmat.org.br\/pt\/entrevista-com-ana-elisa-ferreira-de-oliveira-vencedora-do-premio-capes-de-tese-da-area-de-materiais\/","title":{"rendered":"Cientista em destaque: Entrevista com Ana Elisa Ferreira de Oliveira, vencedora do Pr\u00eamio Capes de Tese da \u00e1rea de Materiais."},"content":{"rendered":"<p><span style=\"font-weight: 400;\"><a href=\"https:\/\/www.sbpmat.org.br\/site\/wp-content\/uploads\/2023\/12\/ana-elisa.jpg\"><img loading=\"lazy\" decoding=\"async\" class=\"alignright size-full wp-image-10617\" src=\"https:\/\/www.sbpmat.org.br\/site\/wp-content\/uploads\/2023\/12\/ana-elisa.jpg\" alt=\"\" width=\"400\" height=\"480\" srcset=\"https:\/\/www.sbpmat.org.br\/site\/wp-content\/uploads\/2023\/12\/ana-elisa.jpg 400w, https:\/\/www.sbpmat.org.br\/site\/wp-content\/uploads\/2023\/12\/ana-elisa-250x300.jpg 250w\" sizes=\"(max-width: 400px) 100vw, 400px\" \/><\/a>\u201cA ci\u00eancia \u00e9 viva, din\u00e2mica, empolgante e enriquecedora, e fazer parte do seu avan\u00e7o \u00e9 um grande privil\u00e9gio\u201d, diz <strong><a href=\"http:\/\/lattes.cnpq.br\/7041612631494354\">Ana Elisa Ferreira de Oliveira<\/a><\/strong><\/span><span style=\"font-weight: 400;\">, vencedora do Pr\u00eamio Capes de Tese 2023 na \u00e1rea de Materiais.\u00a0<\/span><\/p>\n<p><span style=\"font-weight: 400;\">O pr\u00eamio distinguiu as 49 melhores teses de doutorado, uma por \u00e1rea do conhecimento, defendidas em programas de p\u00f3s-gradua\u00e7\u00e3o de todo o pa\u00eds em 2022. Al\u00e9m disso, 98 men\u00e7\u00f5es honrosas foram outorgadas. Mais de 1.400 trabalhos se candidataram a esta edi\u00e7\u00e3o do Pr\u00eamio Capes, cuja cerim\u00f4nia de premia\u00e7\u00e3o foi realizada em Bras\u00edlia no dia 14 de dezembro.\u00a0<\/span><\/p>\n<p><span style=\"font-weight: 400;\">Na sua tese, Ana Elisa desenvolveu dois<\/span><span style=\"font-weight: 400;\"> sensores eletroqu\u00edmicos, um de grafite e outro de nanotubos de carbono, capazes de detectar em tempo real um biomarcador de c\u00e2ncer de mama (a prote\u00edna CA 15-3) em amostras biol\u00f3gicas (soro sangu\u00edneo e saliva). Essa prote\u00edna aparece em n\u00edveis superiores aos normais na maioria das mulheres com c\u00e2ncer de mama depois da fase inicial da doen\u00e7a &#8211; motivo pelo qual pode ser usada para monitorar a resposta dessas pacientes aos tratamentos, bem como para fazer triagem de met\u00e1stase e para detectar a recorr\u00eancia do c\u00e2ncer.<\/span><\/p>\n<p><span style=\"font-weight: 400;\">Os sensores desenvolvidos no doutorado de Ana Elisa foram produzidos sobre uma base de papel na qual eletrodos foram impressos usando tintas condutoras por meio de m\u00e9todos simples, como a serigrafia e a escrita \u00e0 m\u00e3o. Para detectar o biomarcador CA 15-3, os sensores foram modificados com anticorpos dessa prote\u00edna.<\/span><\/p>\n<p><span style=\"font-weight: 400;\">A pesquisa foi realizada com orienta\u00e7\u00e3o do professor <a href=\"http:\/\/lattes.cnpq.br\/4416308592967165\"><strong>Arnaldo C\u00e9sar Pereira<\/strong><\/a><\/span><span style=\"font-weight: 400;\"> dentro do Programa de P\u00f3s-Gradua\u00e7\u00e3o em F\u00edsica e Qu\u00edmica de Materiais da Universidade Federal S\u00e3o Jo\u00e3o del-Rei (FQMat &#8211; UFSJ), em Minas Gerais. Contudo, o trabalho \u00e9 resultado de dez anos de forma\u00e7\u00e3o cient\u00edfica na \u00e1rea de sensores, desde a inicia\u00e7\u00e3o cient\u00edfica at\u00e9 o doutorado, sempre na UFSJ e com o mesmo orientador.<\/span><\/p>\n<p><span style=\"font-weight: 400;\">Nesta entrevista ao Boletim da SBPMat, esta jovem cientista, natural de Barbacena (MG) fala sobre os sensores e sobre as dificuldades e alegrias da trajet\u00f3ria que percorreu at\u00e9 concluir a melhor tese brasileira de Materiais defendida em 2022.\u00a0<\/span><\/p>\n<p><b>Boletim da SBPMat: Conte-nos um pouco sobre a sua forma\u00e7\u00e3o cient\u00edfica.<\/b><\/p>\n<p><span style=\"font-weight: 400;\"><strong>Ana Elisa Ferreira de Oliveira:<\/strong> Minha carreira acad\u00eamica come\u00e7ou quando entrei na Universidade Federal de S\u00e3o Jo\u00e3o del-Rei (UFSJ) em 2011. <\/span><span style=\"font-weight: 400;\">Fiz duas inicia\u00e7\u00f5es cient\u00edficas orientadas pelo Prof. Dr. Arnaldo, ambas na \u00e1rea de desenvolvimento de sensores<\/span><span style=\"font-weight: 400;\">.\u00a0 <\/span><span style=\"font-weight: 400;\">A inicia\u00e7\u00e3o cient\u00edfica na UFSJ foi a introdu\u00e7\u00e3o na minha carreira como pesquisadora. A partir dela, entendi a import\u00e2ncia da pesquisa cient\u00edfica e tive certeza da minha vontade de continuar meus estudos na p\u00f3s-gradua\u00e7\u00e3o.<\/span><span style=\"font-weight: 400;\"> Em 2015, fiz mestrado no Programa de F\u00edsica e Qu\u00edmica de Materiais da UFSJ, e ingressei no doutorado em 2017, nesse mesmo programa.<\/span><\/p>\n<p><span style=\"font-weight: 400;\">Quando estava escrevendo meu projeto de doutorado, queria muito algo na \u00e1rea de sa\u00fade, por isso escolhi o desenvolvimento de sensores para determina\u00e7\u00e3o de biomarcadores. Ent\u00e3o, faltava decidir o que o sensor iria determinar, qual doen\u00e7a. Hoje o c\u00e2ncer de mama \u00e9 o tipo de tumor mais comum em mulheres na maior parte do mundo. As mulheres com mais de 50 anos s\u00e3o mais afetadas por este tipo de c\u00e2ncer. Estatisticamente, cerca de uma em oito mulheres \u00e9 diagnosticada com c\u00e2ncer de mama durante a vida. Logo, decidi que no meu doutorado focaria na aplica\u00e7\u00e3o de sensores para determina\u00e7\u00e3o de biomarcadores de c\u00e2ncer de mama.<\/span><\/p>\n<p><span style=\"font-weight: 400;\">Durante meus anos de pesquisa, publiquei 19 artigos em diferentes peri\u00f3dicos. Entre gradua\u00e7\u00e3o, mestrado e doutorado, foram dez anos na UFSJ. Uma d\u00e9cada de muito estudo, aprendizado, desafios e evolu\u00e7\u00e3o pessoal. Sou eternamente grata pelo papel da minha universidade em minha trajet\u00f3ria profissional.<\/span><\/p>\n<p><b>Boletim da SBPMat: Quais foram os maiores desafios que voc\u00ea enfrentou para realizar a tese premiada?<\/b><\/p>\n<p><span style=\"font-weight: 400;\"><strong>Ana Elisa Ferreira de Oliveira:<\/strong> O caminho durante meu doutorado n\u00e3o foi f\u00e1cil. Mas, definitivamente, a principal dificuldade \u00e9 que fomos surpreendidos por uma pandemia mundial que naquele momento havia tirado a vida de milh\u00f5es no mundo. Adaptar-me a uma nova realidade e ter o trabalho no laborat\u00f3rio interrompido por meses foi desafiador. Quando finalmente voltei, recuperar o tempo perdido foi extremamente cansativo. Passei manh\u00e3, tarde e noite no laborat\u00f3rio, e muitas vezes sai sem resultados. Isso foi muito estressante. Por\u00e9m, com muito esfor\u00e7o e dedica\u00e7\u00e3o consegui cumprir esse desafio. E o recebimento desse pr\u00eamio apenas constata que valeu a pena!<\/span><\/p>\n<p><span style=\"font-weight: 400;\">A premia\u00e7\u00e3o foi uma grande surpresa. Eu estou me sentindo extremamente honrada por ter meu trabalho de doutorado reconhecido com o recebimento de um pr\u00eamio t\u00e3o importante. \u00c9 uma sensa\u00e7\u00e3o indescrit\u00edvel. Comemoro essa vit\u00f3ria junto a todos que, de forma indireta ou direta, me ajudaram a realizar meu sonho.<\/span><\/p>\n<p><b>Boletim da SBPMat: Quais s\u00e3o as vantagens dos sensores desenvolvidos com rela\u00e7\u00e3o a outras t\u00e9cnicas de detec\u00e7\u00e3o de doen\u00e7as?\u00a0<\/b><\/p>\n<p><span style=\"font-weight: 400;\"><strong>Ana Elisa Ferreira de Oliveira:<\/strong> Os <\/span><span style=\"font-weight: 400;\">sensores eletroqu\u00edmicos<\/span><span style=\"font-weight: 400;\"> apresentam algumas vantagens sobre as t\u00e9cnicas convencionais: alta seletividade e sensibilidade, baixo custo de produ\u00e7\u00e3o dos aparelhos, n\u00e3o requerem muita manuten\u00e7\u00e3o para seu uso e conserva\u00e7\u00e3o, a an\u00e1lise pode ser feita em tempo real e t\u00e9cnicos especializados podem n\u00e3o ser necess\u00e1rios.\u00a0<\/span><\/p>\n<p><span style=\"font-weight: 400;\">Al\u00e9m de terem resposta r\u00e1pida e muitas vezes sem a necessidade de pr\u00e9-tratamento, os e<\/span><span style=\"font-weight: 400;\">letrodos impressos podem ser fabricados em larga escala, o que permite uma produ\u00e7\u00e3o de baixo custo<\/span><span style=\"font-weight: 400;\">. <\/span><span style=\"font-weight: 400;\">S\u00e3o descart\u00e1veis, dispensando a etapa de limpeza. Consequentemente, os sensores impressos s\u00e3o conhecidos como dispositivos de baixo custo, miniaturizados, descart\u00e1veis \u200b\u200be de alta sensibilidade<\/span><span style=\"font-weight: 400;\">. Os eletrodos impressos podem substituir o sistema convencional de tr\u00eas eletrodos (trabalho, refer\u00eancia e contra) usando <\/span><span style=\"font-weight: 400;\">tintas condutoras e um substrato<\/span><span style=\"font-weight: 400;\">.<\/span><b>\u00a0<\/b><\/p>\n<p><b>Boletim da SBPMat:\u00a0 Voc\u00eas montaram os prot\u00f3tipos dos sensores. Quais seriam as etapas necess\u00e1rias para que esses dispositivos possam ser usados fora do laborat\u00f3rio?\u00a0\u00a0<\/b><\/p>\n<p><span style=\"font-weight: 400;\"><strong>Ana Elisa Ferreira de Oliveira:<\/strong> Os resultados do trabalho sugerem a possibilidade de utiliza\u00e7\u00e3o de sensores eletroqu\u00edmicos impressos como alternativa para determina\u00e7\u00e3o de CA 15-3 em amostras biol\u00f3gicas. No entanto, h\u00e1 muito mais estudos que podem e devem ser realizados nestes sensores propostos para que se tornem comerciais.\u00a0<\/span><\/p>\n<p><span style=\"font-weight: 400;\">Eles podem ser ainda mais otimizados tentando aumentar a sensibilidade e diminuir o limite de detec\u00e7\u00e3o e quantifica\u00e7\u00e3o. Outra possibilidade \u00e9 a modifica\u00e7\u00e3o dos sensores impressos para determina\u00e7\u00e3o de outros biomarcadores, n\u00e3o s\u00f3 de c\u00e2ncer, mas de outras doen\u00e7as como as cardiovasculares.\u00a0<\/span><\/p>\n<p><span style=\"font-weight: 400;\">Os sensores eletroqu\u00edmicos tamb\u00e9m podem ser projetados para an\u00e1lise <\/span><i><span style=\"font-weight: 400;\">point-of-care<\/span><\/i><span style=\"font-weight: 400;\"> (POC) devido \u00e0 sua r\u00e1pida resposta anal\u00edtica, possibilidade de miniaturiza\u00e7\u00e3o e opera\u00e7\u00e3o simples. O teste POC geralmente \u00e9 realizado pr\u00f3ximo ao paciente, permitindo a disponibilidade instant\u00e2nea dos resultados para a tomada de decis\u00f5es imediatas e informadas sobre o atendimento ao paciente.\u00a0<\/span><\/p>\n<p><span style=\"font-weight: 400;\">Portanto, algumas otimiza\u00e7\u00f5es experimentais poderiam ser realizadas nos sensores propostos para diminuir o tempo de an\u00e1lise e permitir o uso de potenciostatos port\u00e1teis. Os sensores eletroqu\u00edmicos impressos possuem grande potencial no monitoramento da sa\u00fade e, felizmente, muitos trabalhos est\u00e3o sendo gerados na literatura envolvendo diferentes materiais para esses fins. Os resultados desta tese corroboram esta ideia e apresentam uma possibilidade de desenvolvimento de dispositivos sens\u00edveis para CA 15-3.<\/span><\/p>\n<p><b>Boletim da SBPMat: Deixe uma mensagem para nossos leitores que est\u00e3o fazendo seus trabalhos de inicia\u00e7\u00e3o cient\u00edfica, mestrado ou doutorado.<\/b><\/p>\n<p><span style=\"font-weight: 400;\"><strong>Ana Elisa Ferreira de Oliveira:<\/strong> Existe uma frase atribu\u00edda a Marie Curie que diz <\/span><i><span style=\"font-weight: 400;\">\u201cDurante toda a minha vida, as novas <\/span><\/i><i><span style=\"font-weight: 400;\">descobertas sobre a natureza me alegraram como uma crian\u00e7a<\/span><\/i><i><span style=\"font-weight: 400;\">\u201d<\/span><\/i><span style=\"font-weight: 400;\">. \u00c9 assim que me senti durante toda minha carreira acad\u00eamica. E \u00e9 assim que ainda me sinto ao ler um bom artigo, ao desenvolver um projeto ou quando leio sobre uma pesquisa nova. A ci\u00eancia \u00e9 viva, din\u00e2mica, empolgante e enriquecedora. Fazer parte, nem que seja num pedacinho muito pequeno, no avan\u00e7o da ci\u00eancia \u00e9 um grande privil\u00e9gio.<\/span><\/p>\n<p><b>Boletim da SBPMat: Se quiser fazer algum outro coment\u00e1rio, fique \u00e0 vontade.<\/b><\/p>\n<p><span style=\"font-weight: 400;\"><strong>Ana Elisa Ferreira de Oliveira:<\/strong> Gostaria fazer um agradecimento especial a algumas pessoas que estiveram ao meu lado durante essa caminhada. Aos meus pais, irm\u00e3 e sobrinhos pelo constante apoio e incentivo. Ao meu marido Lucas por estar ao meu lado em todos os momentos. \u00c0 Mayra, minha companheira fiel de laborat\u00f3rio pela ajuda e parceria. Ao Prof. Dr. Lucas Franco Ferreira pela parceria e colabora\u00e7\u00e3o. Aos colegas do grupo de pesquisa (Grupo de Pesquisa em Pol\u00edmeros e Eletroanal\u00edtica &#8211; GPPE), agrade\u00e7o pelo apoio, colabora\u00e7\u00e3o, companheirismo, conversas agrad\u00e1veis e momentos de alegria. E em especial, gostaria de agradecer meu orientador Prof. Dr. Arnaldo C\u00e9sar Pereira pela oportunidade concedida. Ele me acolheu como aluna h\u00e1 nove anos atr\u00e1s, e desde ent\u00e3o passamos por inicia\u00e7\u00e3o cient\u00edfica, mestrado e agora o sonhado doutorado. Agrade\u00e7o pela orienta\u00e7\u00e3o, conversas e parceria, por confiar no meu trabalho e pelo constante incentivo. \u00c9 dif\u00edcil descrever em palavras sua import\u00e2ncia na minha caminhada profissional.<\/span><\/p>\n<hr \/>\n<h3><strong>Veja as teses de temas relacionados a Materiais que foram distinguidas no Pr\u00eamio Capes de Tese 2023:<\/strong><\/h3>\n<p><strong>Tese vencedora<\/strong><\/p>\n<p><strong>\u00c1rea de avalia\u00e7\u00e3o:<\/strong> Materiais<br \/>\n<strong>Autor:<\/strong> Ana Elisa Ferreira de Oliveira<br \/>\n<strong>T\u00edtulo da Tese:<\/strong> Desenvolvimento de eletrodos impressos em papel para determina\u00e7\u00e3o do biomarcador de c\u00e2ncer CA 15-3 em amostras biol\u00f3gicas<br \/>\n<strong>Programa:<\/strong> F\u00edsica e Qu\u00edmica de Materiais<br \/>\n<strong>IES:<\/strong> UFSJ<br \/>\n<strong>Orientador: <\/strong>Arnaldo Cesar Pereira<br \/>\n<strong>Lattes da autora:<\/strong> <a href=\"http:\/\/lattes.cnpq.br\/7041612631494354\">http:\/\/lattes.cnpq.br\/7041612631494354<\/a><\/p>\n<p>&nbsp;<\/p>\n<p><strong>Men\u00e7\u00f5es Honrosas <\/strong><\/p>\n<p><strong>\u00c1rea de avalia\u00e7\u00e3o: <\/strong>Materiais<br \/>\n<strong>Autor:<\/strong> Rafael Turra Alarcon<br \/>\n<strong>T\u00edtulo da Tese: <\/strong>Modifica\u00e7\u00e3o estrutural de triacilglicer\u00f3is visando a obten\u00e7\u00e3o de mon\u00f4meros e pol\u00edmeros seguindo os princ\u00edpios da Qu\u00edmica Verde: rotas sint\u00e9ticas mais eficientes com menor gasto energ\u00e9tico<br \/>\n<strong>Programa:<\/strong> Ci\u00eancia e Tecnologia de Materiais<br \/>\n<strong>IES:<\/strong> UNESP &#8211; Bauru<br \/>\n<strong>Orientador: <\/strong>Gilbert Bannach<br \/>\n<strong>Lattes do autor: <\/strong><a href=\"http:\/\/lattes.cnpq.br\/9108187580652868\">http:\/\/lattes.cnpq.br\/9108187580652868<\/a><\/p>\n<p><strong>\u00a0<\/strong><\/p>\n<p><strong>\u00c1rea de avalia\u00e7\u00e3o:<\/strong> Materiais<br \/>\n<strong>Autora: <\/strong>Catia Liane Ucker<br \/>\n<strong>T\u00edtulo da Tese:<\/strong> Nb2O5 aplicado em processos fotocatal\u00edticos de degrada\u00e7\u00e3o da <strong>Rodamina B:<\/strong> influ\u00eancia da composi\u00e7\u00e3o, estrutura e m\u00e9todo de s\u00edntese<br \/>\n<strong>Programa:<\/strong> Ci\u00eancias e engenharia de materiais<br \/>\n<strong>IES: <\/strong>UFPEL<br \/>\n<strong>Orientador:<\/strong> Sergio da Silva Cava<br \/>\n<strong>Co-orientadora:<\/strong> Cristiane Wienke Raubach Ratmann<br \/>\n<strong>Lattes da autora: <\/strong><a href=\"http:\/\/lattes.cnpq.br\/3494568110192672\">http:\/\/lattes.cnpq.br\/3494568110192672<\/a><\/p>\n<p>&nbsp;<\/p>\n<p><strong>\u00c1rea de avalia\u00e7\u00e3o:<\/strong> Engenharias II<br \/>\n<strong>Autor:<\/strong> Robert Saraiva Matos<br \/>\n<strong>T\u00edtulo da Tese:<\/strong> Atividade fotocatal\u00edtica de nanocomp\u00f3sitos ZnO\/Fe3-xMnxO4\/\u00d3xido de Grafeno (0,075\u2264x\u22640,30) obtidos com nanopart\u00edculas sintetizadas em meio bioquelante amaz\u00f4nico<br \/>\n<strong>Programa: <\/strong>Ci\u00eancia e Engenharia de Materiais<br \/>\n<strong>IES:<\/strong> FUFSE<br \/>\n<strong>Orientador:<\/strong> Rosane Maria Pessoa Betanio Oliveira<br \/>\n<strong>Co-orientador: <\/strong>Nilson Dos Santos Ferreira<br \/>\n<strong>Lattes do autor: <\/strong><a href=\"http:\/\/lattes.cnpq.br\/0342189537308858\">http:\/\/lattes.cnpq.br\/0342189537308858<\/a><\/p>\n<p>&nbsp;<\/p>\n<p><strong>\u00c1rea de avalia\u00e7\u00e3o: <\/strong>Engenharias II<br \/>\n<strong>Autora: <\/strong>Fernanda Aparecida de Faria Almeida<br \/>\n<strong>T\u00edtulo da Tese:<\/strong> S\u00edntese autom\u00e1tica do novo grupo prost\u00e9tico ceto[18f]fdg para radiofluorina\u00e7\u00e3o de pept\u00eddeos e sua utiliza\u00e7\u00e3o no desenvolvimento do radiof\u00e1rmaco ceto[18f]fdg-vap-p1<br \/>\n<strong>Programa:<\/strong> Ci\u00eancia e Tecnologia das Radia\u00e7\u00f5es, Minerais e Materiais<br \/>\n<strong>IES:<\/strong> CDTN<br \/>\n<strong>Orientador: <\/strong>Marcelo Henrique Mamede Lewer<br \/>\n<strong>Co-orientadora:<\/strong> Juliana Batista da Silva<br \/>\n<strong>Lattes da autora:<\/strong> <a href=\"http:\/\/lattes.cnpq.br\/2004744607440769\">http:\/\/lattes.cnpq.br\/2004744607440769<\/a><\/p>\n<p>&nbsp;<\/p>\n<p><strong>\u00c1rea de avalia\u00e7\u00e3o:<\/strong> Farm\u00e1cia<br \/>\n<strong>Autor:<\/strong> Fernanda Isadora Boni<br \/>\n<strong>T\u00edtulo da Tese:<\/strong> Sistemas polim\u00e9ricos multifuncionais baseados em micropart\u00edculas contendo nanocarreadores para libera\u00e7\u00e3o col\u00f4nica da camptotecina<br \/>\n<strong>Programa:<\/strong> Ci\u00eancias farmac\u00eauticas<br \/>\n<strong>IES:<\/strong> UNESP &#8211; Araraquara<br \/>\n<strong>Orientadora:<\/strong> Maria Palmira Dalfon Gremiao<br \/>\n<strong>Co-orientadora:<\/strong> Beatriz Stringhetti Ferreira Cury<br \/>\n<strong>Lattes da autora:<\/strong> <a href=\"http:\/\/lattes.cnpq.br\/6465892934301545\">http:\/\/lattes.cnpq.br\/6465892934301545<\/a><\/p>\n<p>&nbsp;<\/p>\n<p>&nbsp;<\/p>\n<p>&nbsp;<\/p>\n<p>&nbsp;<\/p>","protected":false},"excerpt":{"rendered":"<p>\u201cA ci\u00eancia \u00e9 viva, din\u00e2mica, empolgante e enriquecedora, e fazer parte do seu avan\u00e7o \u00e9 um grande privil\u00e9gio\u201d, diz Ana Elisa Ferreira de Oliveira, vencedora do Pr\u00eamio Capes de Tese 2023 na \u00e1rea de Materiais.\u00a0 O pr\u00eamio distinguiu as 49 melhores teses de doutorado, uma por \u00e1rea do conhecimento, defendidas em programas de p\u00f3s-gradua\u00e7\u00e3o de [&hellip;]<\/p>\n","protected":false},"author":4,"featured_media":0,"comment_status":"open","ping_status":"closed","sticky":false,"template":"","format":"standard","meta":{"footnotes":""},"categories":[6],"tags":[],"_links":{"self":[{"href":"https:\/\/www.sbpmat.org.br\/pt\/wp-json\/wp\/v2\/posts\/10614"}],"collection":[{"href":"https:\/\/www.sbpmat.org.br\/pt\/wp-json\/wp\/v2\/posts"}],"about":[{"href":"https:\/\/www.sbpmat.org.br\/pt\/wp-json\/wp\/v2\/types\/post"}],"author":[{"embeddable":true,"href":"https:\/\/www.sbpmat.org.br\/pt\/wp-json\/wp\/v2\/users\/4"}],"replies":[{"embeddable":true,"href":"https:\/\/www.sbpmat.org.br\/pt\/wp-json\/wp\/v2\/comments?post=10614"}],"version-history":[{"count":5,"href":"https:\/\/www.sbpmat.org.br\/pt\/wp-json\/wp\/v2\/posts\/10614\/revisions"}],"predecessor-version":[{"id":10622,"href":"https:\/\/www.sbpmat.org.br\/pt\/wp-json\/wp\/v2\/posts\/10614\/revisions\/10622"}],"wp:attachment":[{"href":"https:\/\/www.sbpmat.org.br\/pt\/wp-json\/wp\/v2\/media?parent=10614"}],"wp:term":[{"taxonomy":"category","embeddable":true,"href":"https:\/\/www.sbpmat.org.br\/pt\/wp-json\/wp\/v2\/categories?post=10614"},{"taxonomy":"post_tag","embeddable":true,"href":"https:\/\/www.sbpmat.org.br\/pt\/wp-json\/wp\/v2\/tags?post=10614"}],"curies":[{"name":"wp","href":"https:\/\/api.w.org\/{rel}","templated":true}]}}