{"id":10265,"date":"2023-04-30T14:34:09","date_gmt":"2023-04-30T17:34:09","guid":{"rendered":"https:\/\/www.sbpmat.org.br\/?p=10265"},"modified":"2023-05-03T20:42:56","modified_gmt":"2023-05-03T23:42:56","slug":"homenagem-do-socio-daniel-m-ugarte-a-aldo-f-craievich","status":"publish","type":"post","link":"https:\/\/www.sbpmat.org.br\/pt\/homenagem-do-socio-daniel-m-ugarte-a-aldo-f-craievich\/","title":{"rendered":"Homenagem do s\u00f3cio Daniel M. Ugarte a Aldo F. Craievich."},"content":{"rendered":"<p><strong>Sobre Aldo Craievich: homenagem, reflex\u00f5es e lembran\u00e7as.<\/strong><\/p>\n<figure id=\"attachment_10267\" aria-describedby=\"caption-attachment-10267\" style=\"width: 400px\" class=\"wp-caption alignright\"><img loading=\"lazy\" decoding=\"async\" class=\"size-full wp-image-10267\" src=\"https:\/\/www.sbpmat.org.br\/site\/wp-content\/uploads\/2023\/04\/aldo1-e1682869221569.jpg\" alt=\"Prof. Aldo Craievich visitando a Universidade de Cambridge no Reino Unido. (Foto do arquivo pessoal do Prof. Daniel Ugarte)\" width=\"400\" height=\"540\" \/><figcaption id=\"caption-attachment-10267\" class=\"wp-caption-text\"><strong>Prof. Aldo Craievich em 2015 visitando a Universidade de Cambridge no Reino Unido. (Foto do acervo pessoal do Prof. Daniel Ugarte)<\/strong><\/figcaption><\/figure>\n<p>No dia 24 de abril de 2023, na semana passada, faleceu em S\u00e3o Paulo o Prof. Aldo Felix Craievich, dois meses depois de completar 84 anos.<\/p>\n<p>Aldo nasceu na prov\u00edncia de Santa F\u00e9 na Argentina e formou-se em f\u00edsica no Instituto Balseiro em Bariloche em 1964. Posteriormente realizou seu trabalho de doutorado na Fran\u00e7a sob orienta\u00e7\u00e3o de Andr\u00e9 Guinier, um mundialmente famoso pesquisador na \u00e1rea de difra\u00e7\u00e3o de raios X. Em 1973, mudou-se para o Brasil e ocupou postos em diversas universidades e institutos de pesquisa como o\u00a0Instituto de F\u00edsica e\u00a0Qu\u00edmica\u00a0de S\u00e3o Carlos (IFQSC-USP), o Centro Brasileiro de Pesquisas F\u00edsicas (CBPF) e o Instituto de F\u00edsica da USP na cidade de S\u00e3o Paulo.<\/p>\n<p>Existem abundantes fontes onde \u00e9 poss\u00edvel obter dados biogr\u00e1ficos detalhados de Aldo &#8211; sem d\u00favida, um dos pesquisadores mais destacados da ci\u00eancia dos materiais do Brasil. Mas provavelmente, o Aldo vai ser sempre recordado por sua contribui\u00e7\u00e3o \u00e0 constru\u00e7\u00e3o do Laborat\u00f3rio Nacional de Luz S\u00edncrotron (LNLS) em Campinas onde atuou na gesta\u00e7\u00e3o inicial do projeto e posteriormente como Diretor Cient\u00edfico durante a constru\u00e7\u00e3o do primeiro anel de armazenamento UVX. O Aldo assumiu a responsabilidade do desenho e constru\u00e7\u00e3o de linhas de luz e, sobretudo, da forma\u00e7\u00e3o de usu\u00e1rios para a futura fonte brasileira de luz s\u00edncrotron.<\/p>\n<p>Conheci pessoalmente o Aldo quando mudei da Su\u00ed\u00e7a para o Brasil em 1993 para integrar a equipe do incipiente LNLS. A lideran\u00e7a do laborat\u00f3rio era constitu\u00edda por tr\u00eas diretores: Cylon Gon\u00e7alves da Silva, Ricardo Rodrigues e Aldo. Uma curta conversa com eles sobre o projeto de construir um s\u00edncrotron com tecnologia nacional partindo de zero foi inspiradora. Que vis\u00e3o progressista e corajosa! Tive o privil\u00e9gio de observar como eles associavam compet\u00eancia e originalidade, sempre buscando solu\u00e7\u00f5es criativas e adaptadas aos baixos recursos e possibilidades reais no contexto brasileiro. Al\u00e9m dos aspectos materiais, o projeto requeria a constru\u00e7\u00e3o de uma equipe de recursos humanos t\u00e9cnico-cient\u00edfica especializada. \u00c9 importante que as novas gera\u00e7\u00f5es de profissionais visualizem e compreendam a herc\u00falea tarefa que foi desenvolver e construir tudo, tudo mesmo. Uma analogia seria levantar um arranha-c\u00e9u quando voc\u00ea tem que aprender a fazer cada tijolo, cada barra de a\u00e7o, cada pecinha. \u00a0Que desafio eles encararam, e que completo esse triunvirato! Ricardo, a criatividade, a engenharia e a f\u00edsica dos aceleradores. Aldo, a aplica\u00e7\u00e3o de radia\u00e7\u00e3o s\u00edncrotron, a ci\u00eancia e a forma\u00e7\u00e3o de recursos humanos. E Cylon, costurando aspectos diferentes como a ci\u00eancia e tecnologia \u00a0do acelerador com a pol\u00edtica cient\u00edfica e a organiza\u00e7\u00e3o de um sistema de gest\u00e3o para um laborat\u00f3rio de <em>big science<\/em>. Nossa, que trio! Posso contar a meus orientados, estudantes, filhos e netos, que trabalhei perto deles durante a constru\u00e7\u00e3o do LNLS.!! Al\u00e9m disso, n\u00e3o atrapalhei muito&#8230;<\/p>\n<p>Apesar de seu cargo de Diretor, Aldo possu\u00eda a humildade para tentar convencer cada pesquisador ou estudante das grandes oportunidades que o LNLS oferecia. Ele organizou numerosas escolas no Brasil, na Am\u00e9rica Latina e no ICTP-Trieste, onde recebia estudantes de todas as \u00e1reas, f\u00edsica, qu\u00edmica, engenharia, biologia, medicina etc. \u00a0Esse esfor\u00e7o de dimens\u00e3o internacional fica claramente refletido nos v\u00e1rios pr\u00eamios que ele recebeu em outros pa\u00edses e no Mercosul. Talvez o maior dos reconhecimentos recebidos por Aldo foi sua entrada em 2015 na Academia Brasileira de Ci\u00eancias, j\u00e1 quase perto dos 80 anos. A n\u00edvel bem pessoal, eu todo dia me pergunto: por que Aldo teve que esperar tanto? Quase 20 anos desde o in\u00edcio de opera\u00e7\u00e3o do UVX, primeiro s\u00edncrotron do hemisf\u00e9rio sul. Bem&#8230; no fim justi\u00e7a foi feita, melhor tarde do que nunca. Minha maior tristeza \u00e9 que o s\u00f3cio de Aldo na empreitada, o Ricardo Rodrigues, respons\u00e1vel pelo desenho (a f\u00edsica de aceleradores) e constru\u00e7\u00e3o (a engenharia, a eletr\u00f4nica, os materiais etc.) do UVX e do novo s\u00edncrotron, o Sirius, nos deixou em 2020 sem receber essa honraria.\u00a0 A hist\u00f3ria da Am\u00e9rica Latina mostra um desenvolvimento social e econ\u00f4mico com muitos paradoxos, como, por exemplo, a forte urbaniza\u00e7\u00e3o sem industrializa\u00e7\u00e3o. A forma\u00e7\u00e3o da comunidade cient\u00edfica e tecnol\u00f3gica no pa\u00eds n\u00e3o ficou isenta dessas peculiaridades. Portanto \u00e9 importante evoluir para dar mais valor a trabalhos aplicados, \u00e0 constru\u00e7\u00e3o de equipamentos reais e operacionais de pequeno, mediano ou enorme porte, \u00e0 cria\u00e7\u00e3o de instrumenta\u00e7\u00e3o, \u00e0s vezes avan\u00e7ada e \u00e0s vezes somente solu\u00e7\u00f5es pr\u00e1ticas e baratas. A inova\u00e7\u00e3o e industrializa\u00e7\u00e3o, t\u00e3o procuradas e mencionadas na atualidade, agradecer\u00e3o. Como Aldo descrevia bem em suas palavras: \u201cn\u00e3o existe a divis\u00e3o pesquisa b\u00e1sica ou aplicada, a dicotomia real \u00e9 pesquisa de qualidade boa ou qualidade ruim\u201d.<\/p>\n<p>Para n\u00f3s, da comunidade argentina, Aldo foi \u201cel cracho\u201d, o apelido pelo qual \u00e9 conhecido desde seu in\u00edcio na f\u00edsica e nas ci\u00eancias exatas. O \u201ccracho\u201d \u00e9 um sin\u00f4nimo de energia, energia positiva, energia intermin\u00e1vel, energia que contagia e faz progredir, energia que transmite optimismo, energia que motiva, a energia que d\u00e1 o exemplo, a energia que move montanhas, energia contra ventos e mares. O conhecimento profundo, a conversa longa, objetiva e sincera, a cultura, a vontade de ajudar, de estimular a encarar desafios, o exemplo de ci\u00eancia, humanidade e \u00e9tica. Essa \u00e9 a imagem que tenho de Aldo. Fui agraciado por trabalhar perto dele no in\u00edcio de minha carreira como jovem cientista independente no LNLS. Quanto aprendi! Ele foi um mentor, um amigo, um exemplo, um <em>role model<\/em>.<\/p>\n<p style=\"text-align: right;\">Daniel M. Ugarte<br \/>\nProfessor titular<br \/>\nInstituto de F\u00edsica Gleb Wataghin<br \/>\nUnicamp<\/p>\n<figure style=\"width: 900px\" class=\"wp-caption aligncenter\"><img loading=\"lazy\" decoding=\"async\" class=\"size-full wp-image-10269\" src=\"https:\/\/www.sbpmat.org.br\/site\/wp-content\/uploads\/2023\/04\/fotos-aldo-e1682869390412.jpg\" alt=\"\u00c0 esquerda, na casa da fam\u00edlia Ugarte, Aldo Craievich com um filho dos anfitri\u00f5es no colo, junto a Ricardo Rodrigues, Varlei Rodrigues, o pr\u00f3prio Daniel Ugarte e Gilberto Medeiros. \u00c0 direita, Ugarte e Craievich no pub The Eagle, em Cambridge, onde James Watson e Francis Crick amadureceram a estrutura do DNA (a famosa dupla h\u00e9lice) e a anunciaram pela primeira vez. A descoberta da dupla h\u00e9lice se baseou em imagens de difra\u00e7\u00e3o de raios X, t\u00e9cnica muito apreciada por Craievich, que ajudou a dissemin\u00e1-la na Am\u00e9rica Latina.\" width=\"900\" height=\"319\" \/><figcaption class=\"wp-caption-text\"><strong>\u00c0 ESQUERDA, na casa da fam\u00edlia Ugarte, Aldo Craievich junto a Ricardo Rodrigues, Varlei Rodrigues, o pr\u00f3prio Daniel Ugarte e Gilberto Medeiros (e o filho deste \u00faltimo no colo de Craievich). \u00c0 DIREITA, Ugarte e Craievich no pub The Eagle, em Cambridge, onde James Watson e Francis Crick amadureceram a estrutura do DNA e a anunciaram pela primeira vez. A descoberta da dupla h\u00e9lice se baseou no uso de difra\u00e7\u00e3o de raios X &#8211; t\u00e9cnica muito apreciada por Craievich, que ajudou a dissemin\u00e1-la na Am\u00e9rica Latina. (Fotos do acervo pessoal do Prof. Daniel Ugarte)<\/strong><\/figcaption><\/figure>\n<p>&nbsp;<\/p>\n<p style=\"text-align: right;\">\n<p><\/p>","protected":false},"excerpt":{"rendered":"<p>Sobre Aldo Craievich: homenagem, reflex\u00f5es e lembran\u00e7as. No dia 24 de abril de 2023, na semana passada, faleceu em S\u00e3o Paulo o Prof. Aldo Felix Craievich, dois meses depois de completar 84 anos. Aldo nasceu na prov\u00edncia de Santa F\u00e9 na Argentina e formou-se em f\u00edsica no Instituto Balseiro em Bariloche em 1964. Posteriormente realizou [&hellip;]<\/p>\n","protected":false},"author":4,"featured_media":0,"comment_status":"open","ping_status":"closed","sticky":false,"template":"","format":"standard","meta":{"footnotes":""},"categories":[6],"tags":[],"_links":{"self":[{"href":"https:\/\/www.sbpmat.org.br\/pt\/wp-json\/wp\/v2\/posts\/10265"}],"collection":[{"href":"https:\/\/www.sbpmat.org.br\/pt\/wp-json\/wp\/v2\/posts"}],"about":[{"href":"https:\/\/www.sbpmat.org.br\/pt\/wp-json\/wp\/v2\/types\/post"}],"author":[{"embeddable":true,"href":"https:\/\/www.sbpmat.org.br\/pt\/wp-json\/wp\/v2\/users\/4"}],"replies":[{"embeddable":true,"href":"https:\/\/www.sbpmat.org.br\/pt\/wp-json\/wp\/v2\/comments?post=10265"}],"version-history":[{"count":8,"href":"https:\/\/www.sbpmat.org.br\/pt\/wp-json\/wp\/v2\/posts\/10265\/revisions"}],"predecessor-version":[{"id":10286,"href":"https:\/\/www.sbpmat.org.br\/pt\/wp-json\/wp\/v2\/posts\/10265\/revisions\/10286"}],"wp:attachment":[{"href":"https:\/\/www.sbpmat.org.br\/pt\/wp-json\/wp\/v2\/media?parent=10265"}],"wp:term":[{"taxonomy":"category","embeddable":true,"href":"https:\/\/www.sbpmat.org.br\/pt\/wp-json\/wp\/v2\/categories?post=10265"},{"taxonomy":"post_tag","embeddable":true,"href":"https:\/\/www.sbpmat.org.br\/pt\/wp-json\/wp\/v2\/tags?post=10265"}],"curies":[{"name":"wp","href":"https:\/\/api.w.org\/{rel}","templated":true}]}}