{"id":11117,"date":"2025-09-03T15:12:03","date_gmt":"2025-09-03T18:12:03","guid":{"rendered":"https:\/\/www.sbpmat.org.br\/?p=11117"},"modified":"2025-09-03T15:13:29","modified_gmt":"2025-09-03T18:13:29","slug":"11117-2","status":"publish","type":"post","link":"https:\/\/www.sbpmat.org.br\/en\/11117-2\/","title":{"rendered":"B-MRS Newsletter: Year 12, issue 7"},"content":{"rendered":"<p><\/p>\n<table style=\"width: 100%;\" border=\"0\" width=\"100%\" cellspacing=\"0\" cellpadding=\"0\">\n<tbody>\n<tr>\n<td bgcolor=\"#ffffff\">\n<table id=\"Introdu\u00e7\u00e3o\" class=\"connect\" style=\"background-color: #ffffff; font-size: 14px; width: 600px; margin: 0px auto;\" border=\"0\" width=\"600\" cellspacing=\"0\" cellpadding=\"0\" align=\"center\" bgcolor=\"#ffffff\">\n<tbody>\n<tr>\n<td style=\"color: #666666; font-size: 12px; text-align: left; padding: 20px;\" bgcolor=\"#ffffff\" width=\"100%\"><\/td>\n<\/tr>\n<tr>\n<td style=\"padding: 10px 20px;\" bgcolor=\"#ffffff\" width=\"100%\">&nbsp;<\/p>\n<table style=\"table-layout: fixed;\" border=\"0\" width=\"560\" cellspacing=\"0\" cellpadding=\"0\" align=\"left\">\n<tbody>\n<tr>\n<td width=\"100%\"><a class=\"imgGl\"><img loading=\"lazy\" decoding=\"async\" style=\"vertical-align: top;\" src=\"https:\/\/dl.dnzdns.com\/v\/wkU7c5ABF0410\" alt=\"cabe\u00e7alho\" width=\"560\" height=\"271\" \/><\/a><\/td>\n<\/tr>\n<\/tbody>\n<\/table>\n<p>&nbsp;<\/td>\n<\/tr>\n<tr>\n<td style=\"text-align: left; color: #666666; background-color: #ffffff; padding: 10px 20px;\" bgcolor=\"#ffffff\" width=\"100%\">\n<div style=\"text-align: center; font-family: Arial; font-size: 14px; color: #666666;\"><span style=\"color: #336699; font-family: Arial; font-size: 14px; text-align: center;\"><span style=\"font-size: 16px; font-family: Arial; color: #336699; text-align: center;\"><span style=\"font-family: arial, helvetica, sans-serif; font-size: 16px; color: #336699; text-align: center;\"><b>Year 12, issue 7. September 1st, 2025.<\/b><\/span><\/span><\/span><\/div>\n<\/td>\n<\/tr>\n<\/tbody>\n<\/table>\n<\/td>\n<\/tr>\n<tr style=\"background-color: #efefef;\">\n<td style=\"background-color: #ffffff;\" bgcolor=\"#ffffff\">\n<table id=\"Cabe\u00e7alho\" class=\"connect\" style=\"background-color: #ffffff; font-size: 14px; width: 600px; margin: 0px auto;\" border=\"0\" width=\"600\" cellspacing=\"0\" cellpadding=\"0\" align=\"center\" bgcolor=\"#ffffff\">\n<tbody>\n<tr>\n<td style=\"text-align: left; color: #666666; background-color: #ffffff; padding: 10px 20px;\" bgcolor=\"#ffffff\" width=\"100%\">\n<p style=\"font-family: Arial; font-size: 14px; color: #666666; text-align: left;\"><span style=\"font-family: arial, helvetica, sans-serif;\"><span style=\"font-size: 18px; font-family: arial, helvetica, sans-serif; color: #336699; text-align: left;\"><b>Members news<\/b><\/span><\/span><\/p>\n<\/td>\n<\/tr>\n<tr>\n<td style=\"padding: 10px 20px;\" bgcolor=\"#ffffff\" width=\"100%\">&nbsp;<\/p>\n<table style=\"table-layout: fixed;\" border=\"0\" width=\"560\" cellspacing=\"0\" cellpadding=\"0\" align=\"left\">\n<tbody>\n<tr>\n<td width=\"100%\"><a class=\"imgGl\" href=\"https:\/\/sbplink.sbpmat.org.br\/cl\/PU-vV\/A\/eb4c\/0\/BLdP\/Pz-GMpGe1vx\/1\/\"><img loading=\"lazy\" decoding=\"async\" style=\"vertical-align: top;\" src=\"https:\/\/dl.dnzdns.com\/v\/73Nc58ABF0491\" alt=\"Newsletter SBPMat\" width=\"560\" height=\"310\" \/><\/a><\/td>\n<\/tr>\n<\/tbody>\n<\/table>\n<p>&nbsp;<\/td>\n<\/tr>\n<tr>\n<td style=\"text-align: left; color: #666666; background-color: #ffffff; padding: 10px 20px;\" bgcolor=\"#ffffff\" width=\"100%\">\n<p style=\"font-family: Arial; font-size: 14px; color: #666666; text-align: left;\"><span style=\"font-size: 12px; font-family: Arial; color: #666666; text-align: left;\"><span style=\"font-family: Arial, Helvetica, sans-serif; font-size: 12px; color: #666666; text-align: left;\"><span style=\"color: #000000; font-family: Arial, Helvetica, sans-serif; font-size: 12px; text-align: left;\">Carlos Frederico de Oliveira Graeff, a B-MRS member, has been appointed Director of the Executive Board of the S\u00e3o Paulo Research Foundation (FAPESP) for a three-year term. A full professor in the Physics Department at UNESP Bauru, Graeff has extensive management experience in research and education. He has served as Coordinator of Higher Education at the S\u00e3o Paulo State Secretariat of Science, Technology, and Innovation; Coordinator of the Materials Area at CAPES; Provost of Research at UNESP; and Coordinator of the Graduate Program in Materials Science and Technology at UNESP, among several other positions. Graeff has also served as a visiting researcher at institutions in France, Switzerland, Germany, and China. He holds a CNPq research productivity grant at the highest level (1A).<\/span><\/span><\/span><\/p>\n<\/td>\n<\/tr>\n<tr>\n<td style=\"text-align: left; color: #666666; background-color: #ffffff; padding: 10px 20px;\" bgcolor=\"#ffffff\" width=\"100%\">\n<p style=\"font-family: Arial; font-size: 14px; color: #666666; text-align: left;\"><span style=\"font-family: arial, helvetica, sans-serif;\"><span style=\"font-size: 18px; font-family: arial, helvetica, sans-serif; color: #336699; text-align: left;\"><b>Papers by the community<\/b><\/span><\/span><\/p>\n<\/td>\n<\/tr>\n<tr>\n<td style=\"padding: 10px 20px;\" bgcolor=\"#ffffff\" width=\"100%\">&nbsp;<\/p>\n<table style=\"table-layout: fixed;\" border=\"0\" width=\"560\" cellspacing=\"0\" cellpadding=\"0\" align=\"left\">\n<tbody>\n<tr>\n<td width=\"100%\"><a class=\"imgGl\" href=\"https:\/\/sbplink.sbpmat.org.br\/cl\/PU-vV\/A\/eb4c\/0\/BLdP\/BcRDHtMcHml\/1\/\"><img loading=\"lazy\" decoding=\"async\" style=\"vertical-align: top;\" src=\"https:\/\/dl.dnzdns.com\/v\/gr98faABF0414\" alt=\"2\" width=\"560\" height=\"310\" \/><\/a><\/td>\n<\/tr>\n<\/tbody>\n<\/table>\n<p>&nbsp;<\/td>\n<\/tr>\n<tr>\n<td style=\"text-align: left; color: #666666; background-color: #ffffff; padding: 10px 20px;\" bgcolor=\"#ffffff\" width=\"100%\">\n<p style=\"font-family: Arial; font-size: 14px; color: #666666; text-align: left;\"><span style=\"font-size: 12px; font-family: Arial; color: #666666; text-align: left;\"><span style=\"font-family: Arial, Helvetica, sans-serif; font-size: 12px; color: #666666; text-align: left;\"><span style=\"color: #000000; font-family: Arial, Helvetica, sans-serif; font-size: 12px; text-align: left;\">Scientists from the Brazilian Federal University of Rio Grande do Sul (UFRGS), along with colleagues from the US and Spain, have developed a new way to store hydrogen efficiently and at low cost. They produced nanoparticles composed of a palladium core (a precious metal with an affinity for hydrogen) and a nickel oxide shell (which is much cheaper than palladium). They then studied in detail what happened to the nanoparticles when they came into contact with hydrogen. Using advanced characterization techniques, they observed that, as hydrogen is adsorbed, the palladium core splits into multiple pieces, increasing the nanoparticle&#8217;s total adsorption surface area and thus enabling a more efficient and cheaper material. <a style=\"color: #337ab7;\" href=\"https:\/\/sbplink.sbpmat.org.br\/cl\/PU-vV\/A\/eb4c\/0\/BLdP\/BcRDHtMcHml\/2\/\"><b>Go to the paper.<\/b><\/a><\/span><\/span><\/span><\/p>\n<\/td>\n<\/tr>\n<tr>\n<td style=\"padding: 10px 20px;\" bgcolor=\"#ffffff\" width=\"100%\">&nbsp;<\/p>\n<table style=\"table-layout: fixed;\" border=\"0\" width=\"560\" cellspacing=\"0\" cellpadding=\"0\" align=\"left\">\n<tbody>\n<tr>\n<td width=\"100%\"><a class=\"imgGl\" href=\"https:\/\/sbplink.sbpmat.org.br\/cl\/PU-vV\/A\/eb4c\/0\/BLdP\/C9pnWqq4U7z\/1\/\"><img loading=\"lazy\" decoding=\"async\" style=\"vertical-align: top;\" src=\"https:\/\/dl.dnzdns.com\/v\/9ZAG45ABF0414\" alt=\"3\" width=\"560\" height=\"310\" \/><\/a><\/td>\n<\/tr>\n<\/tbody>\n<\/table>\n<p>&nbsp;<\/td>\n<\/tr>\n<tr>\n<td style=\"text-align: left; color: #666666; background-color: #ffffff; padding: 10px 20px;\" bgcolor=\"#ffffff\" width=\"100%\">\n<p style=\"font-family: Arial; font-size: 14px; color: #666666; text-align: left;\"><span style=\"font-size: 12px; font-family: Arial; color: #666666; text-align: left;\"><span style=\"font-family: Arial, Helvetica, sans-serif; font-size: 12px; color: #666666; text-align: left;\"><span style=\"color: #000000; font-family: Arial, Helvetica, sans-serif; font-size: 12px; text-align: left;\">A group of researchers from The University of S\u00e3o Paulo (USP) and the Federal University of S\u00e3o Carlos (UFSCar), along with colleagues from France, reviewed the presence of micro- and nanoplastics in water, the ways to eliminate these pollutants, and the possibilities of transforming them into high-value raw materials. They found that 81% of the scientific papers published in the last five years on the subject used the photocatalytic process to partially or completely eliminate these pollutants. The review paper highlights the challenges to continue developing this promising technology within sustainability standards<\/span><\/span><\/span><span style=\"font-size: 12px; font-family: Arial; color: #666666; text-align: left;\"><span style=\"font-family: Arial, Helvetica, sans-serif; font-size: 12px; color: #666666; text-align: left;\"><span style=\"color: #000000; font-family: Arial, Helvetica, sans-serif; font-size: 12px; text-align: left;\">. <a style=\"color: #337ab7;\" href=\"https:\/\/sbplink.sbpmat.org.br\/cl\/PU-vV\/A\/eb4c\/0\/BLdP\/C9pnWqq4U7z\/2\/\"><b>Go to the paper.<\/b><\/a><\/span><\/span><\/span><\/p>\n<\/td>\n<\/tr>\n<tr>\n<td style=\"padding: 10px 20px;\" bgcolor=\"#ffffff\" width=\"100%\">&nbsp;<\/p>\n<table style=\"table-layout: fixed;\" border=\"0\" width=\"560\" cellspacing=\"0\" cellpadding=\"0\" align=\"left\">\n<tbody>\n<tr>\n<td width=\"100%\"><a class=\"imgGl\" href=\"https:\/\/sbplink.sbpmat.org.br\/cl\/PU-vV\/A\/eb4c\/0\/BLdP\/DDEVFBW4QQ9\/1\/\"><img loading=\"lazy\" decoding=\"async\" style=\"vertical-align: top;\" src=\"https:\/\/dl.dnzdns.com\/v\/7Ihcc5ABCLv0444\" alt=\"4\" width=\"560\" height=\"310\" \/><\/a><\/td>\n<\/tr>\n<\/tbody>\n<\/table>\n<p>&nbsp;<\/td>\n<\/tr>\n<tr>\n<td style=\"text-align: left; color: #666666; background-color: #ffffff; padding: 10px 20px;\" bgcolor=\"#ffffff\" width=\"100%\">\n<p style=\"font-family: Arial; font-size: 14px; color: #666666; text-align: left;\"><span style=\"font-size: 12px; font-family: Arial; color: #666666; text-align: left;\"><span style=\"font-family: Arial, Helvetica, sans-serif; font-size: 12px; color: #666666; text-align: left;\"><span style=\"color: #000000; font-family: Arial, Helvetica, sans-serif; font-size: 12px; text-align: left;\">Researchers from Rio de Janeiro universities UERJ, PUC-Rio, and UFF teamed up to optimize the synthesis of graphene films on ASTM A36 steel substrates\u2014a material widely used in civil construction, military vehicles, and steel pipes, among other applications. The authors systematically studied how graphene synthesis conditions affect the properties of the material. The work demonstrated the importance of controlling production parameters, particularly surface preparation and deposition time. The coating produced using the proposed route had 67% lower friction coefficient than uncoated steel. <a style=\"color: #337ab7;\" href=\"https:\/\/sbplink.sbpmat.org.br\/cl\/PU-vV\/A\/eb4c\/0\/BLdP\/DDEVFBW4QQ9\/2\/\"><b>Go to the paper.<\/b><\/a><\/span><\/span><\/span><\/p>\n<\/td>\n<\/tr>\n<tr>\n<td style=\"padding: 10px 20px;\" bgcolor=\"#ffffff\" width=\"100%\">&nbsp;<\/p>\n<table style=\"table-layout: fixed;\" border=\"0\" width=\"560\" cellspacing=\"0\" cellpadding=\"0\" align=\"left\">\n<tbody>\n<tr>\n<td width=\"100%\"><a class=\"imgGl\" href=\"https:\/\/sbplink.sbpmat.org.br\/cl\/PU-vV\/A\/eb4c\/0\/BLdP\/GawAa3Erk3z\/1\/\"><img loading=\"lazy\" decoding=\"async\" style=\"vertical-align: top;\" src=\"https:\/\/dl.dnzdns.com\/v\/njUI24ABF0492\" alt=\"5\" width=\"560\" height=\"310\" \/><\/a><\/td>\n<\/tr>\n<\/tbody>\n<\/table>\n<p>&nbsp;<\/td>\n<\/tr>\n<tr>\n<td style=\"text-align: left; color: #666666; background-color: #ffffff; padding: 10px 20px;\" bgcolor=\"#ffffff\" width=\"100%\">\n<p style=\"font-family: Arial; font-size: 14px; color: #666666; text-align: left;\"><span style=\"font-size: 12px; font-family: Arial; color: #666666; text-align: left;\"><span style=\"font-family: Arial, Helvetica, sans-serif; font-size: 12px; color: #666666; text-align: left;\"><span style=\"color: #000000; font-family: Arial, Helvetica, sans-serif; font-size: 12px; text-align: left;\">A new book on Quantum Mechanics, written in English by Professor Mario Reis (UFF), has just been released by the renowned publisher AP, now part of the Elsevier group. The work is aimed at undergraduate and graduate students in Physics, Chemistry, Materials, and related fields, as well as researchers seeking to stay up-to-date on the applications of Quantum Mechanics. The book constantly connects theory to experimental examples. Furthermore, each chapter concludes with applications that allow the reader to understand the practical utility of the concepts. The work also offers a set of exercises with solutions and commentary. <a style=\"color: #337ab7;\" href=\"https:\/\/sbplink.sbpmat.org.br\/cl\/PU-vV\/A\/eb4c\/0\/BLdP\/GawAa3Erk3z\/2\/\"><b>See the book.<\/b><\/a><\/span><\/span><\/span><\/p>\n<\/td>\n<\/tr>\n<tr>\n<td style=\"text-align: left; color: #666666; background-color: #ffffff; padding: 10px 20px;\" bgcolor=\"#ffffff\" width=\"100%\">\n<p style=\"font-family: Arial; font-size: 14px; color: #666666; text-align: left;\"><span style=\"color: #006699; font-family: Arial; font-size: 14px; text-align: left;\"><i><b><span style=\"font-size: 12px; font-family: Arial; color: #006699; text-align: left;\"><span style=\"font-family: Arial, Helvetica, sans-serif; font-size: 12px; color: #006699; text-align: left;\">To share a prominent scientific article with significant participation of authors from the B-MRS community, write to comunicacao@sbpmat.org.br.<\/span><\/span><\/b><\/i><\/span><\/p>\n<\/td>\n<\/tr>\n<tr>\n<td style=\"text-align: left; color: #666666; background-color: #ffffff; padding: 10px 20px;\" bgcolor=\"#ffffff\" width=\"100%\">\n<p style=\"font-family: Arial; font-size: 14px; color: #666666; text-align: left;\"><span style=\"color: #195e89; font-family: Arial; font-size: 14px; text-align: left;\"><span style=\"font-size: 18px; font-family: Arial; color: #195e89; text-align: left;\"><span style=\"font-family: arial, helvetica, sans-serif; font-size: 18px; color: #195e89; text-align: left;\"><b><span style=\"font-family: Arial, Helvetica, sans-serif; font-size: 18px; color: #195e89; text-align: left;\">XXIII B-MRS Meeting<\/span><br \/>\n<span style=\"font-size: 14px; font-family: arial, helvetica, sans-serif; color: #195e89; text-align: left;\"><span style=\"font-family: Arial, Helvetica, sans-serif; font-size: 14px; color: #195e89; text-align: left;\">Salvador (BA), September 28 to October 2nd, 2025<\/span><\/span><\/b><\/span><\/span><\/span><\/p>\n<\/td>\n<\/tr>\n<tr>\n<td style=\"padding: 10px 20px;\" bgcolor=\"#ffffff\" width=\"100%\">&nbsp;<\/p>\n<table style=\"table-layout: fixed;\" border=\"0\" width=\"560\" cellspacing=\"0\" cellpadding=\"0\" align=\"left\">\n<tbody>\n<tr>\n<td width=\"100%\"><a class=\"imgGl\" href=\"https:\/\/sbplink.sbpmat.org.br\/cl\/PU-vV\/A\/eb4c\/0\/BLdP\/Za9_tuahcR\/1\/\"><img loading=\"lazy\" decoding=\"async\" style=\"vertical-align: top;\" src=\"https:\/\/dl.dnzdns.com\/v\/Z7if6eABF0416\" alt=\"1\" width=\"560\" height=\"310\" \/><\/a><\/td>\n<\/tr>\n<\/tbody>\n<\/table>\n<p>&nbsp;<\/td>\n<\/tr>\n<tr>\n<td style=\"text-align: left; color: #666666; background-color: #ffffff; padding: 10px 20px;\" bgcolor=\"#ffffff\" width=\"100%\"><span style=\"font-size: 12px; font-family: Arial; color: #666666; text-align: left;\"><b><span style=\"color: #ff6600; font-family: Arial; font-size: 12px; text-align: left;\"><span style=\"font-family: Arial, Helvetica, sans-serif; font-size: 12px; color: #ff6600; text-align: left;\">Presentation schedule. <\/span><\/span><\/b><span style=\"color: #000000; font-family: Arial; font-size: 12px; text-align: left;\"><span style=\"font-family: Arial, Helvetica, sans-serif; font-size: 12px; color: #000000; text-align: left;\">Emails have been sent to each author of approved abstracts, with the date and time of the presentation. The schedule is also available for searching, <a style=\"color: #337ab7;\" href=\"https:\/\/sbplink.sbpmat.org.br\/cl\/PU-vV\/A\/eb4c\/0\/BLdP\/H9Aeg7Ti3fE\/1\/\"><b>here<\/b><\/a>.<\/span><\/span><\/span><\/p>\n<p><b><span style=\"color: #ff6600; font-family: Arial; font-size: 12px; text-align: left;\"><span style=\"font-family: Arial, Helvetica, sans-serif; font-size: 12px; color: #ff6600; text-align: left;\">Important dates. <\/span><\/span><\/b><span style=\"color: #000000; font-family: Arial; font-size: 12px; text-align: left;\"><span style=\"font-family: Arial, Helvetica, sans-serif; font-size: 12px; color: #000000; text-align: left;\">Regular registration is open by September 8th. After this date, registration will be charged without any discount. Please note that payment of the registration fee is required in order to reserve your spot on a short course. <a style=\"color: #337ab7;\" href=\"https:\/\/sbplink.sbpmat.org.br\/cl\/PU-vV\/A\/eb4c\/0\/BLdP\/C5Tji62SiGv\/1\/\"><b>Find out more about registration fees.<\/b><\/a><\/span><\/span><\/p>\n<p><b><span style=\"color: #ff6600; font-family: Arial; font-size: 12px; text-align: left;\"><span style=\"font-family: Arial, Helvetica, sans-serif; font-size: 12px; color: #ff6600; text-align: left;\">Special sessions. <\/span><\/span><\/b><span style=\"color: #000000; font-family: Arial; font-size: 12px; text-align: left;\"><span style=\"font-family: Arial, Helvetica, sans-serif; font-size: 12px; color: #000000; text-align: left;\">The 7th Meeting of BRICS Working Group on Material Science and Nanotechnology will be held during the XXIII B-MRS Meeting. <a style=\"color: #337ab7;\" href=\"https:\/\/sbplink.sbpmat.org.br\/cl\/PU-vV\/A\/eb4c\/0\/BLdP\/Cn2pR0CjyIW\/1\/\"><b>See the activities that will be carried out.<\/b><\/a><\/span><\/span><\/p>\n<p><b><span style=\"color: #ff6600; font-family: Arial; font-size: 12px; text-align: left;\"><span style=\"font-family: Arial, Helvetica, sans-serif; font-size: 12px; color: #ff6600; text-align: left;\">Program at-a-glance. <\/span><\/span><\/b><span style=\"color: #000000; font-family: Arial; font-size: 12px; text-align: left;\"><span style=\"font-family: Arial, Helvetica, sans-serif; font-size: 12px; color: #000000; text-align: left;\">The general schedule of the event is available. <a style=\"color: #337ab7;\" href=\"https:\/\/sbplink.sbpmat.org.br\/cl\/PU-vV\/A\/eb4c\/0\/BLdP\/HzkYkgiVd_a\/1\/\"><b>See here.<\/b><\/a><\/span><\/span><\/p>\n<p><b><span style=\"color: #ff6600; font-family: Arial; font-size: 12px; text-align: left;\"><span style=\"font-family: Arial, Helvetica, sans-serif; font-size: 12px; color: #ff6600; text-align: left;\">Accommodation. <\/span><\/span><\/b><span style=\"color: #000000; font-family: Arial; font-size: 12px; text-align: left;\"><span style=\"font-family: Arial, Helvetica, sans-serif; font-size: 12px; color: #000000; text-align: left;\">The list of hotels in Salvador that offer special discounts for event participants <a style=\"color: #337ab7;\" href=\"https:\/\/sbplink.sbpmat.org.br\/cl\/PU-vV\/A\/eb4c\/0\/BLdP\/GMS4x9Tmod4\/1\/\"><b>can be found here<\/b><\/a>.<\/span><\/span><\/p>\n<p><b><span style=\"color: #ff6600; font-family: Arial; font-size: 12px; text-align: left;\"><span style=\"font-family: Arial, Helvetica, sans-serif; font-size: 12px; color: #ff6600; text-align: left;\">Short courses. <\/span><\/span><\/b><span style=\"color: #000000; font-family: Arial; font-size: 12px; text-align: left;\"><span style=\"font-family: Arial, Helvetica, sans-serif; font-size: 12px; color: #000000; text-align: left;\">Each participant of the event can participate in a short course, at no extra cost, on September 28 (Sunday). There are 9 options on techniques for preparation and analysis of materials, technological entrepreneurship and scientific writing. The reservation of places is already open in the system and spots are limited. <a style=\"color: #337ab7;\" href=\"https:\/\/sbplink.sbpmat.org.br\/cl\/PU-vV\/A\/eb4c\/0\/BLdP\/MAuYkLqBmBb\/1\/\"><b>Learn more.<\/b><\/a><\/span><\/span><\/p>\n<p><span style=\"color: #ff6600; font-family: Arial; font-size: 14px; text-align: left;\"><span style=\"font-size: 12px; font-family: Arial; color: #ff6600; text-align: left;\"><span style=\"font-family: Arial, Helvetica, sans-serif; font-size: 12px; color: #ff6600; text-align: left;\"><b>Plenary lectures. <\/b><\/span><\/span><\/span><span style=\"color: #000000; font-family: Arial; font-size: 14px; text-align: left;\"><span style=\"font-size: 12px; font-family: Arial; color: #000000; text-align: left;\"><span style=\"font-family: Arial, Helvetica, sans-serif; font-size: 12px; color: #000000; text-align: left;\">Seven renowned scientists will be delivering the event&#8217;s plenary lectures, including the memorial lecture, the Arana Varela award, and the international plenary lectures. <a style=\"color: #337ab7;\" href=\"https:\/\/sbplink.sbpmat.org.br\/cl\/PU-vV\/A\/eb4c\/0\/BLdP\/Za9_tuahcR\/2\/\"><b>See here.<\/b><\/a><\/span><\/span><\/span><\/p>\n<p style=\"font-family: Arial; font-size: 14px; color: #666666; text-align: left;\"><span style=\"font-size: 12px; font-family: Arial; color: #666666; text-align: left;\"><span style=\"font-family: Arial, Helvetica, sans-serif; font-size: 12px; color: #666666; text-align: left;\"><span style=\"color: #ff6600; font-family: Arial, Helvetica, sans-serif; font-size: 12px; text-align: left;\"><b>Venue. <\/b><\/span><span style=\"color: #000000; font-family: Arial, Helvetica, sans-serif; font-size: 12px; text-align: left;\">The event will be held at the Salvador Convention Center, in the capital of Bahia. <a style=\"color: #337ab7;\" href=\"https:\/\/sbplink.sbpmat.org.br\/cl\/PU-vV\/A\/eb4c\/0\/BLdP\/GSrxySNTCgY\/1\/\"><b>Learn more.<\/b><\/a><\/span><\/span><\/span><\/p>\n<p><span style=\"color: #ff6600; font-family: Arial, Helvetica, sans-serif; font-size: 12px; text-align: left;\"><b>Chairs.<\/b><\/span><b> <\/b><span style=\"color: #000000; font-family: Arial, Helvetica, sans-serif; font-size: 12px; text-align: left;\">Prof. Luiza Amim Mercante (UFBA) and Prof. Daniel Souza Corr\u00eaa (Embrapa Instrumenta\u00e7\u00e3o) are the chairs of the event.<\/span><\/p>\n<p><span style=\"color: #ff6600; font-family: Arial; font-size: 14px; text-align: left;\"><span style=\"font-size: 12px; font-family: Arial; color: #ff6600; text-align: left;\"><span style=\"font-family: Arial, Helvetica, sans-serif; font-size: 12px; color: #ff6600; text-align: left;\"><b>Exhibitors. <\/b><\/span><\/span><\/span><span style=\"color: #000000; font-family: Arial; font-size: 14px; text-align: left;\"><span style=\"font-size: 12px; font-family: Arial; color: #000000; text-align: left;\"><span style=\"font-family: Arial, Helvetica, sans-serif; font-size: 12px; color: #000000; text-align: left;\">26 companies and startups will be present in our booth exhibition. <a style=\"color: #337ab7;\" href=\"https:\/\/sbplink.sbpmat.org.br\/cl\/PU-vV\/A\/eb4c\/0\/BLdP\/NYVDrmYt3de\/1\/\"><b>See here.<\/b><\/a> <\/span><\/span><\/span><\/td>\n<\/tr>\n<tr>\n<td style=\"text-align: left; color: #666666; background-color: #ffffff; padding: 10px 20px;\" bgcolor=\"#ffffff\" width=\"100%\">\n<p style=\"font-family: Arial; font-size: 14px; color: #666666; text-align: left;\"><span style=\"color: #195e89; font-family: Arial; font-size: 14px; text-align: left;\"><span style=\"font-size: 18px; font-family: Arial; color: #195e89; text-align: left;\"><span style=\"font-family: arial, helvetica, sans-serif; font-size: 18px; color: #195e89; text-align: left;\"><b>Opportunities<\/b><\/span><\/span><\/span><\/p>\n<\/td>\n<\/tr>\n<tr>\n<td style=\"text-align: left; color: #666666; background-color: #ffffff; padding: 10px 20px;\" bgcolor=\"#ffffff\" width=\"100%\">\n<p style=\"font-family: Arial; font-size: 14px; color: #666666; text-align: left;\"><span style=\"font-size: 12px; font-family: Arial; color: #666666; text-align: left;\"><span style=\"font-family: Arial, Helvetica, sans-serif; font-size: 12px; color: #666666; text-align: left;\"><span style=\"color: #000000; font-family: Arial, Helvetica, sans-serif; font-size: 12px; text-align: left;\"><b>&#8211; <\/b>Vacancies for <b><a href=\"https:\/\/sbplink.sbpmat.org.br\/cl\/PU-vV\/A\/eb4c\/0\/BLdP\/G6tEtjWe7KP\/1\/\">Postdoctoral Researcher<\/a> <\/b>and<b> <a href=\"https:\/\/sbplink.sbpmat.org.br\/cl\/PU-vV\/A\/eb4c\/0\/BLdP\/dxH6C6cR4V\/1\/\">Application &amp; Systems Integration Engineer<\/a> <\/b>at the International Iberian Nanotechnology Laboratory (Portugal) in TMR sensor design for biomedical applications. Applications are open until September 7th.<\/span><\/span><\/span><\/p>\n<p style=\"font-family: Arial; font-size: 14px; color: #666666; text-align: left;\"><span style=\"font-size: 12px; font-family: Arial; color: #666666; text-align: left;\"><span style=\"font-family: Arial, Helvetica, sans-serif; font-size: 12px; color: #666666; text-align: left;\"><span style=\"color: #000000; font-family: Arial, Helvetica, sans-serif; font-size: 12px; text-align: left;\">&#8211; Position for a researcher holding a Master or PhD degree in materials science and related fields to work in R&amp;D at a fuel cell startup based in Estonia. <a style=\"color: #337ab7;\" href=\"https:\/\/sbplink.sbpmat.org.br\/cl\/PU-vV\/A\/eb4c\/0\/BLdP\/EzUEBelOVYB\/1\/\"><b>Learn more.<\/b><\/a><\/span><\/span><\/span><\/p>\n<p style=\"font-family: Arial; font-size: 14px; color: #666666; text-align: left;\"><span style=\"font-size: 12px; font-family: Arial; color: #666666; text-align: left;\"><span style=\"font-family: Arial, Helvetica, sans-serif; font-size: 12px; color: #666666; text-align: left;\"><span style=\"color: #000000; font-family: Arial, Helvetica, sans-serif; font-size: 12px; text-align: left;\">&#8211; The 4th S\u00e3o Carlos School on Glasses and Glass-Ceramics, to be held in S\u00e3o Paulo and S\u00e3o Carlos (Brazil) from April 27 to May 1, 2026, offers 50 grants to cover registration, accomodation, and lunch. Interested parties should apply as soon as possible, before October 30. <a style=\"color: #337ab7;\" href=\"https:\/\/sbplink.sbpmat.org.br\/cl\/PU-vV\/A\/eb4c\/0\/BLdP\/OP18pKKN05o\/1\/\"><b>Learn more.<\/b><\/a><\/span><\/span><\/span><\/p>\n<p><span style=\"font-size: 12px; font-family: Arial; color: #666666; text-align: left;\"><span style=\"font-family: Arial, Helvetica, sans-serif; font-size: 12px; color: #666666; text-align: left;\"><span style=\"color: #000000; font-family: Arial, Helvetica, sans-serif; font-size: 12px; text-align: left;\"><b>&#8211;<\/b> Discover Materials (Springer Nature) launched a call for papers for the special issue &#8220;Additive Manufacturing of Emergent Functional Materials&#8221;. The editors of this issue are organizers of Symposium L of the XXIII B-MRS Meeting, entitled &#8220;Design of functional materials for additive manufacturing: synthesis, processing, properties, and applications.&#8221; Submissions are open until December 31st. <b><a href=\"https:\/\/sbplink.sbpmat.org.br\/cl\/PU-vV\/A\/eb4c\/0\/BLdP\/G3AyYCGXxIo\/1\/\">Learn more.<\/a><\/b><\/span><\/span><\/span><\/p>\n<p><b><span style=\"color: #006699; font-family: Arial, Helvetica, sans-serif; font-size: 12px; text-align: left;\"><i>To publicize an opportunity for our community, write to comunicacao@sbpmat.org.br.<\/i><\/span><\/b><\/td>\n<\/tr>\n<tr>\n<td style=\"text-align: left; color: #666666; background-color: #ffffff; padding: 10px 20px;\" bgcolor=\"#ffffff\" width=\"100%\">\n<p style=\"font-family: Arial; font-size: 14px; color: #666666; text-align: left;\"><span style=\"color: #195e89; font-family: Arial; font-size: 14px; text-align: left;\"><span style=\"font-size: 18px; font-family: Arial; color: #195e89; text-align: left;\"><span style=\"font-family: arial, helvetica, sans-serif; font-size: 18px; color: #195e89; text-align: left;\"><b>Upcoming events<\/b><\/span><\/span><\/span><\/p>\n<\/td>\n<\/tr>\n<tr>\n<td style=\"text-align: left; color: #666666; background-color: #ffffff; padding: 10px 20px;\" bgcolor=\"#ffffff\" width=\"100%\">\n<p style=\"font-family: Arial; font-size: 14px; color: #666666; text-align: left;\"><span style=\"font-size: 12px; font-family: Arial; color: #666666; text-align: left;\"><span style=\"font-family: Arial, Helvetica, sans-serif; font-size: 12px; color: #666666; text-align: left;\"><span style=\"color: #000000; font-family: Arial, Helvetica, sans-serif; font-size: 12px; text-align: left;\"><b>&#8211; Webinar &#8220;The Magic of Moir\u00e9 Quantum Matter&#8221;. <\/b>Speaker: Prof Pablo Jarillo-Herrero (MIT). September 25, 2025.<b> <a href=\"https:\/\/sbplink.sbpmat.org.br\/cl\/PU-vV\/A\/eb4c\/0\/BLdP\/CQH7YJ703Ms\/1\/\">Free registration.<\/a><\/b><\/span><\/span><\/span><\/p>\n<p style=\"font-family: Arial; font-size: 14px; color: #666666; text-align: left;\"><span style=\"font-size: 12px; font-family: Arial; color: #666666; text-align: left;\"><span style=\"font-family: Arial, Helvetica, sans-serif; font-size: 12px; color: #666666; text-align: left;\"><span style=\"color: #000000; font-family: Arial, Helvetica, sans-serif; font-size: 12px; text-align: left;\">&#8211; <strong>XXIII B-MRS Meeting.<\/strong> Salvador (BA, Brazil). September 28 to October 2, 2025.<b> <a href=\"https:\/\/sbplink.sbpmat.org.br\/cl\/PU-vV\/A\/eb4c\/0\/BLdP\/Za9_tuahcR\/3\/\">Site.<\/a><\/b><\/span><\/span><\/span><\/p>\n<p><span style=\"color: #000000; font-family: Arial, Helvetica, sans-serif; font-size: 12px; text-align: left;\">&#8211; <b>11th International Symposium on Sensor Science (I3S 2025). <\/b>Barcelona (Spain). November 17 to 19, 2025. <a style=\"color: #337ab7;\" href=\"https:\/\/sbplink.sbpmat.org.br\/cl\/PU-vV\/A\/eb4c\/0\/BLdP\/LD-W2_oWOf1\/1\/\"><b>Site.<\/b><\/a><\/span><\/p>\n<p style=\"font-family: Arial; font-size: 14px; color: #666666; text-align: left;\"><span style=\"font-size: 12px; font-family: Arial; color: #666666; text-align: left;\"><span style=\"font-family: Arial, Helvetica, sans-serif; font-size: 12px; color: #666666; text-align: left;\"><span style=\"color: #000000; font-family: Arial, Helvetica, sans-serif; font-size: 12px; text-align: left;\"><b>&#8211; Brazilian Young Researchers in Soft Matter. <\/b>Campinas (SP, Brazil). November 21, 2025. <b><a href=\"https:\/\/sbplink.sbpmat.org.br\/cl\/PU-vV\/A\/eb4c\/0\/BLdP\/E0Umgrcfs0\/1\/\">Site.<\/a><\/b><\/span><\/span><\/span><\/p>\n<p style=\"font-family: Arial; font-size: 14px; color: #666666; text-align: left;\"><span style=\"font-size: 12px; font-family: Arial; color: #666666; text-align: left;\"><span style=\"font-family: Arial, Helvetica, sans-serif; font-size: 12px; color: #666666; text-align: left;\"><span style=\"color: #000000; font-family: Arial, Helvetica, sans-serif; font-size: 12px; text-align: left;\">&#8211; <strong>Materials Research Meeting (MRS2025)<\/strong>. Yokohama (Japan). December 8 to 13, 2025.<b> <a href=\"https:\/\/sbplink.sbpmat.org.br\/cl\/PU-vV\/A\/eb4c\/0\/BLdP\/IVmk62HZxqA\/1\/\">Site.<\/a><\/b><\/span><\/span><\/span><\/p>\n<p style=\"font-family: Arial; font-size: 14px; color: #666666; text-align: left;\"><span style=\"font-size: 12px; font-family: Arial; color: #666666; text-align: left;\"><span style=\"font-family: Arial, Helvetica, sans-serif; font-size: 12px; color: #666666; text-align: left;\"><span style=\"color: #000000; font-family: Arial, Helvetica, sans-serif; font-size: 12px; text-align: left;\">&#8211; <strong>19th International Conference on Advanced Materials (ICAM)<\/strong>. Accra (Ghana). December 9 to 12, 2025. <b><a href=\"https:\/\/sbplink.sbpmat.org.br\/cl\/PU-vV\/A\/eb4c\/0\/BLdP\/ER36e4RN9CC\/1\/\">Site.<\/a><\/b><\/span><\/span><\/span><\/p>\n<p style=\"font-family: Arial; font-size: 14px; color: #666666; text-align: left;\"><span style=\"font-size: 12px; font-family: Arial; color: #666666; text-align: left;\"><span style=\"font-family: Arial, Helvetica, sans-serif; font-size: 12px; color: #666666; text-align: left;\"><span style=\"color: #000000; font-family: Arial, Helvetica, sans-serif; font-size: 12px; text-align: left;\">&#8211; <strong>7th International Conference on Applied Surface Science.<\/strong> Chengdu (China), June 1 to 4, 2026. <b><a href=\"https:\/\/sbplink.sbpmat.org.br\/cl\/PU-vV\/A\/eb4c\/0\/BLdP\/MffCNVnCw_S\/1\/\">Site.<\/a><\/b><\/span><\/span><\/span><\/p>\n<p style=\"font-family: Arial; font-size: 14px; color: #666666; text-align: left;\"><span style=\"font-size: 12px; font-family: Arial; color: #666666; text-align: left;\"><span style=\"font-family: Arial, Helvetica, sans-serif; font-size: 12px; color: #666666; text-align: left;\"><span style=\"color: #000000; font-family: Arial, Helvetica, sans-serif; font-size: 12px; text-align: left;\">&#8211; <strong>13th International Conference of the African Materials Research Society (AMRS 2026).<\/strong> Nairobi (Kenya). December 5 to 10, 2026.<b> <a href=\"https:\/\/sbplink.sbpmat.org.br\/cl\/PU-vV\/A\/eb4c\/0\/BLdP\/NFp-lufgpkR\/1\/\">Site.<\/a><\/b><\/span><\/span><\/span><\/p>\n<p><b><span style=\"color: #006699; font-family: Arial, Helvetica, sans-serif; font-size: 12px; text-align: left;\"><i>To publicize an event for our community write to comunicacao@sbpmat.org.br.<\/i><\/span><\/b><\/td>\n<\/tr>\n<tr>\n<td style=\"text-align: left; background-color: #ffffff; padding: 20px 0px;\" align=\"center\" bgcolor=\"#ffffff\" width=\"100%\">\n<p style=\"text-align: center; font-family: Arial; font-size: 14px; color: #222222;\"><span style=\"font-family: arial, helvetica, sans-serif; font-size: 14px; color: #222222; text-align: center;\">Follow us on social media<\/span><\/p>\n<table style=\"table-layout: fixed; margin: 0px auto;\" border=\"0\" cellspacing=\"0\" cellpadding=\"0\" align=\"center\">\n<tbody>\n<tr>\n<td style=\"padding: 10px 0px 0px 0px;\" align=\"center\" bgcolor=\"#ffffff\">\n<table border=\"0\" width=\"100%\" cellspacing=\"0\" cellpadding=\"0\">\n<tbody>\n<tr>\n<td class=\"social-media\" style=\"text-align: center;\" align=\"center\" bgcolor=\"#ffffff\"><a style=\"color: #337ab7;\" href=\"https:\/\/sbplink.sbpmat.org.br\/sf\/PU-vV\/A\/eb4c\/0\/BLdP\/FCB\/{{__exParams}}?url=https%3A%2F%2Ffacebook.com%2FSBPMat\"><img loading=\"lazy\" decoding=\"async\" src=\"https:\/\/dl.dnzdns.com\/m\/c\/FCB\" alt=\"Facebook\" width=\"30\" height=\"30\" \/><\/a> <a style=\"color: #337ab7;\" href=\"https:\/\/sbplink.sbpmat.org.br\/sf\/PU-vV\/A\/eb4c\/0\/BLdP\/INS\/{{__exParams}}?url=https%3A%2F%2Finstagram.com%2Fsbpmat_bmrs%2F\"><img loading=\"lazy\" decoding=\"async\" src=\"https:\/\/dl.dnzdns.com\/m\/c\/INS\" alt=\"Instagram\" width=\"30\" height=\"30\" \/><\/a> <a style=\"color: #337ab7;\" href=\"https:\/\/sbplink.sbpmat.org.br\/sf\/PU-vV\/A\/eb4c\/0\/BLdP\/YOU\/{{__exParams}}?url=https%3A%2F%2Fyoutube.com%2FSBPMatBMRS\"><img loading=\"lazy\" decoding=\"async\" src=\"https:\/\/dl.dnzdns.com\/m\/c\/YOU\" alt=\"Youtube\" width=\"30\" height=\"30\" \/><\/a> <a style=\"color: #337ab7;\" href=\"https:\/\/sbplink.sbpmat.org.br\/sf\/PU-vV\/A\/eb4c\/0\/BLdP\/LKD\/{{__exParams}}?url=https%3A%2F%2Flinkedin.com%2Fgroups%2F6560331\"><img loading=\"lazy\" decoding=\"async\" src=\"https:\/\/dl.dnzdns.com\/m\/c\/LKD\" alt=\"Linkedin\" width=\"30\" height=\"30\" \/><\/a><\/td>\n<\/tr>\n<\/tbody>\n<\/table>\n<\/td>\n<\/tr>\n<\/tbody>\n<\/table>\n<\/td>\n<\/tr>\n<\/tbody>\n<\/table>\n<\/td>\n<\/tr>\n<tr style=\"background-color: #747474;\">\n<td style=\"background-color: #ffffff;\" bgcolor=\"#ffffff\"><\/td>\n<\/tr>\n<\/tbody>\n<\/table>\n<p><\/p>","protected":false},"excerpt":{"rendered":"<p>&nbsp; &nbsp; Year 12, issue 7. September 1st, 2025. Members news &nbsp; &nbsp; Carlos Frederico de Oliveira Graeff, a B-MRS member, has been appointed Director of the Executive Board of the S\u00e3o Paulo Research Foundation (FAPESP) for a three-year term. A full professor in the Physics Department at UNESP Bauru, Graeff has extensive management experience [&hellip;]<\/p>\n","protected":false},"author":4,"featured_media":0,"comment_status":"open","ping_status":"closed","sticky":false,"template":"","format":"standard","meta":{"footnotes":""},"categories":[6],"tags":[],"_links":{"self":[{"href":"https:\/\/www.sbpmat.org.br\/en\/wp-json\/wp\/v2\/posts\/11117"}],"collection":[{"href":"https:\/\/www.sbpmat.org.br\/en\/wp-json\/wp\/v2\/posts"}],"about":[{"href":"https:\/\/www.sbpmat.org.br\/en\/wp-json\/wp\/v2\/types\/post"}],"author":[{"embeddable":true,"href":"https:\/\/www.sbpmat.org.br\/en\/wp-json\/wp\/v2\/users\/4"}],"replies":[{"embeddable":true,"href":"https:\/\/www.sbpmat.org.br\/en\/wp-json\/wp\/v2\/comments?post=11117"}],"version-history":[{"count":2,"href":"https:\/\/www.sbpmat.org.br\/en\/wp-json\/wp\/v2\/posts\/11117\/revisions"}],"predecessor-version":[{"id":11119,"href":"https:\/\/www.sbpmat.org.br\/en\/wp-json\/wp\/v2\/posts\/11117\/revisions\/11119"}],"wp:attachment":[{"href":"https:\/\/www.sbpmat.org.br\/en\/wp-json\/wp\/v2\/media?parent=11117"}],"wp:term":[{"taxonomy":"category","embeddable":true,"href":"https:\/\/www.sbpmat.org.br\/en\/wp-json\/wp\/v2\/categories?post=11117"},{"taxonomy":"post_tag","embeddable":true,"href":"https:\/\/www.sbpmat.org.br\/en\/wp-json\/wp\/v2\/tags?post=11117"}],"curies":[{"name":"wp","href":"https:\/\/api.w.org\/{rel}","templated":true}]}}